{"id":44735,"date":"2021-03-17T00:22:06","date_gmt":"2021-03-17T00:22:06","guid":{"rendered":"https:\/\/jorgezanoni.com.br\/2019\/?p=44735"},"modified":"2021-03-17T00:22:06","modified_gmt":"2021-03-17T00:22:06","slug":"foco-pessoal-nossa-entrevistada-e-a-diretora-pedagogica-da-apae-adriana-miyagui-despencieri","status":"publish","type":"post","link":"https:\/\/jorgezanoni.com.br\/2019\/foco-pessoal-nossa-entrevistada-e-a-diretora-pedagogica-da-apae-adriana-miyagui-despencieri\/","title":{"rendered":"Foco Pessoal: Nossa entrevistada \u00e9 a Diretora Pedag\u00f3gica da APAE, Adriana Miyagui Despencieri"},"content":{"rendered":"<p><strong><u>FOCO PESSOAL<\/u><\/strong><\/p>\n<p>NOME: Adriana Miyagui Despencieri<\/p>\n<p>NASC. 23\/04\/1972<\/p>\n<p>NOME DO C\u00d4NJUGE: Adalberto Despencieri<\/p>\n<p>FILHOS (QUANTIDADE): 2<\/p>\n<p>TIME DO CORA\u00c7\u00c3O: Palmeiras<\/p>\n<p>PERFUME: Prada Candy<\/p>\n<p>CIDADE NATAL: Dracena<\/p>\n<p>UMA CIDADE: Maring\u00e1<\/p>\n<p>UM PA\u00cdS FORA DO BRASIL: Jap\u00e3o<\/p>\n<p>LOCAL AGRAD\u00c1VEL EM DRACENA: Minha ch\u00e1cara (\u00e1rea verde e de lazer)<\/p>\n<p>MOTIVO DE ORGULHO: Ser m\u00e3e<\/p>\n<p>UMA CANTORA: Aline Barros<\/p>\n<p>RESTAURANTE: Villa Grill<\/p>\n<p>PRATO PREFERIDO: Comida Japonesa<\/p>\n<p>SOBREMESA: Sorvete<\/p>\n<p>UM LIVRO: B\u00edblia<\/p>\n<p>UM FILME: \u00c0 Prova de Fogo, Quarto de Guerra e Milagres do Para\u00edso<\/p>\n<p>UMA COR: Azul<\/p>\n<p>HOBBY: Leitura<\/p>\n<p>ESPORTE: Ciclismo<\/p>\n<p>UM CARRO: Triton<\/p>\n<p>HOMEM INTELIGENTE\/ELEGANTE: Meu pai<\/p>\n<p>MULHER INTELIGENTE\/ELEGANTE: Minha m\u00e3e<\/p>\n<p>UMA MANIA: Cheirar tudo<\/p>\n<p>PRAIA OU CAMPO: Campo<\/p>\n<p>CARRO OU AVI\u00c3O: Depende da situa\u00e7\u00e3o<\/p>\n<p>UM DEFEITO: Acelerada<\/p>\n<p>UMA QUALIDADE: Perseverante<\/p>\n<p>CABELEIREIRO: Lu\u00eds Carlos<\/p>\n<p>UMA ALEGRIA: Fam\u00edlia<\/p>\n<p>UMA TRISTEZA: Falsidade<\/p>\n<p>UM ANIMAL: Cachorro<\/p>\n<p>UMA SAUDADE: Da inf\u00e2ncia<\/p>\n<p>MELHOR HORA DO DIA: Curto todas as horas do dia e da noite<\/p>\n<p>LEMBRAN\u00c7A DA INF\u00c2NCIA: Amigos<\/p>\n<p>QUEM LEVARIA PARA UMA ILHA DESERTA: Meu marido<\/p>\n<p style=\"text-align: justify;\">UMA FRASE: \u201c\u00c9 DEUS QUE ME REVESTE DE FOR\u00c7A E TORNA PERFEITO O MEU CAMINHO\u201d.<\/p>\n<p style=\"text-align: justify;\">(II Samuel 22:33)<\/p>\n<p style=\"text-align: justify;\">RELATE UM POUCO DA SUA HIST\u00d3RIA DE VIDA: FAMILIA, FORMA\u00c7\u00c3O, ATIVIDADE, VOLUNTARIADO, ETC&#8230;<\/p>\n<p style=\"text-align: justify;\">Sou muito grata a Deus por minha vida e todos os que est\u00e3o a minha volta. Sou de uma fam\u00edlia da uni\u00e3o de culturas diferentes: japonesa e espanhola, meu pai Jorge Takashi Miyagui e minha m\u00e3e Trindade Rabecini Miyagui \u00a0e dois irm\u00e3os: Rodrigo Miyagui e Cristiano Miyagui, pais e irm\u00e3os maravilhosos que sempre me incentivaram. Minha forma\u00e7\u00e3o \u00e9 educadora f\u00edsica e pedagoga. Quando adolescente gostava muito de dan\u00e7ar, participei do Grupo de Dan\u00e7a Camafeu, liderado pela professora e core\u00f3grafa Leila Maria Rugai Salle. Casei aos 18 anos, portanto este ano completamos \u201cBodas de P\u00e9rolas\u201d, 30 anos de uni\u00e3o, 2 filhos aben\u00e7oados: Victor Augusto Miyagui Despencieri com 25 anos e Bruno Vin\u00edcius Miyagui Despencieri com 20 anos. Nossas b\u00ean\u00e7\u00e3os e presentes de Deus! Ap\u00f3s formada comecei a trabalhar na minha segunda fam\u00edlia, a Fam\u00edlia Apaeana onde estou h\u00e1 24 anos. Iniciei como professora de dan\u00e7a e educadora f\u00edsica, posteriormente fui convidada a atuar como coordenadora pedag\u00f3gica e atualmente sou diretora pedag\u00f3gica e tento exercer minha fun\u00e7\u00e3o com muita retid\u00e3o, paci\u00eancia e amor, somando esfor\u00e7os para garantir os direitos da Pessoa com Defici\u00eancia Intelectual, M\u00faltipla e Transtorno do Espectro Autista \u2013 TEA.<\/p>\n<p style=\"text-align: justify;\">O Site JZ agradece a Diretora Pedag\u00f3gica, que gentilmente aceitou nosso convite para participar de nossa coluna \u201cFoco Pessoal\u201d e\u00a0 a parabeniza pelas conquistas e seriedade, al\u00e9m de muito carinho no trato com todas as pessoas, especialmente aos alunos da APAE de Dracena.<\/p>\n","protected":false},"excerpt":{"rendered":"<p>FOCO PESSOAL NOME: Adriana Miyagui Despencieri NASC. 23\/04\/1972 NOME DO C\u00d4NJUGE: Adalberto Despencieri FILHOS (QUANTIDADE): 2 TIME DO CORA\u00c7\u00c3O: Palmeiras PERFUME: Prada Candy CIDADE NATAL: Dracena UMA CIDADE: Maring\u00e1 UM PA\u00cdS FORA DO BRASIL: Jap\u00e3o LOCAL AGRAD\u00c1VEL EM DRACENA: Minha ch\u00e1cara (\u00e1rea verde e de lazer) MOTIVO DE ORGULHO: Ser m\u00e3e UMA CANTORA: Aline Barros [&hellip;]<\/p>\n","protected":false},"author":1,"featured_media":44736,"comment_status":"closed","ping_status":"open","sticky":false,"template":"","format":"standard","meta":{"footnotes":""},"categories":[125],"tags":[],"class_list":["post-44735","post","type-post","status-publish","format-standard","has-post-thumbnail","hentry","category-focopessoal"],"_links":{"self":[{"href":"https:\/\/jorgezanoni.com.br\/2019\/wp-json\/wp\/v2\/posts\/44735","targetHints":{"allow":["GET"]}}],"collection":[{"href":"https:\/\/jorgezanoni.com.br\/2019\/wp-json\/wp\/v2\/posts"}],"about":[{"href":"https:\/\/jorgezanoni.com.br\/2019\/wp-json\/wp\/v2\/types\/post"}],"author":[{"embeddable":true,"href":"https:\/\/jorgezanoni.com.br\/2019\/wp-json\/wp\/v2\/users\/1"}],"replies":[{"embeddable":true,"href":"https:\/\/jorgezanoni.com.br\/2019\/wp-json\/wp\/v2\/comments?post=44735"}],"version-history":[{"count":0,"href":"https:\/\/jorgezanoni.com.br\/2019\/wp-json\/wp\/v2\/posts\/44735\/revisions"}],"wp:featuredmedia":[{"embeddable":true,"href":"https:\/\/jorgezanoni.com.br\/2019\/wp-json\/wp\/v2\/media\/44736"}],"wp:attachment":[{"href":"https:\/\/jorgezanoni.com.br\/2019\/wp-json\/wp\/v2\/media?parent=44735"}],"wp:term":[{"taxonomy":"category","embeddable":true,"href":"https:\/\/jorgezanoni.com.br\/2019\/wp-json\/wp\/v2\/categories?post=44735"},{"taxonomy":"post_tag","embeddable":true,"href":"https:\/\/jorgezanoni.com.br\/2019\/wp-json\/wp\/v2\/tags?post=44735"}],"curies":[{"name":"wp","href":"https:\/\/api.w.org\/{rel}","templated":true}]}}