{"id":44696,"date":"2021-03-15T23:09:37","date_gmt":"2021-03-15T23:09:37","guid":{"rendered":"https:\/\/jorgezanoni.com.br\/2019\/?p=44696"},"modified":"2021-03-15T23:09:37","modified_gmt":"2021-03-15T23:09:37","slug":"hoje-faz-exatamente-um-ano-que-publicamos-o-boletim-atualizado-da-covid-da-santa-casa-de-dracena","status":"publish","type":"post","link":"https:\/\/jorgezanoni.com.br\/2019\/hoje-faz-exatamente-um-ano-que-publicamos-o-boletim-atualizado-da-covid-da-santa-casa-de-dracena\/","title":{"rendered":"Hoje faz exatamente um ano que publicamos o Boletim Atualizado da COVID, da Santa Casa de Dracena"},"content":{"rendered":"<p style=\"text-align: justify;\">Com muita tristeza divulgamos desde o dia 15 de maro de 2020, o Boletim Atualizado da COVID-19 da Santa Casta de Dracena.<\/p>\n<p style=\"text-align: justify;\">S\u00e3o n\u00fameros assustadores que tiraram a paz dos moradores de Dracena e regi\u00e3o, o medo predomina todas as camadas sociais.<\/p>\n<p style=\"text-align: justify;\">Mas por outro lado temos que agradecer e render homenagens aos abnegados m\u00e9dicos e toda equipe de enfermeiros e pessoas ligadas \u00e0 Sa\u00fade em todos os \u00e2mbitos, pois podem ter certeza que se n\u00e3o houvesse o empenho e dedica\u00e7\u00e3o desses seres humanos, muito mais gente estaria fazendo parte da estat\u00edstica.<\/p>\n<p style=\"text-align: justify;\">A todos voc\u00eas que est\u00e3o \u00e0 Linha de Frente, desde a pessoa da limpeza, at\u00e9 o chefe da UTI, o nosso reconhecimento.<\/p>\n<p>Jorge Zanoni<\/p>\n<p><img loading=\"lazy\" decoding=\"async\" class=\"alignnone size-full wp-image-44697\" src=\"https:\/\/jorgezanoni.com.br\/2019\/wp-content\/uploads\/2021\/03\/BO-SANTA-CASA.jpg\" alt=\"\" width=\"1280\" height=\"880\" srcset=\"https:\/\/jorgezanoni.com.br\/2019\/wp-content\/uploads\/2021\/03\/BO-SANTA-CASA.jpg 1280w, https:\/\/jorgezanoni.com.br\/2019\/wp-content\/uploads\/2021\/03\/BO-SANTA-CASA-300x206.jpg 300w, https:\/\/jorgezanoni.com.br\/2019\/wp-content\/uploads\/2021\/03\/BO-SANTA-CASA-1024x704.jpg 1024w, https:\/\/jorgezanoni.com.br\/2019\/wp-content\/uploads\/2021\/03\/BO-SANTA-CASA-768x528.jpg 768w, https:\/\/jorgezanoni.com.br\/2019\/wp-content\/uploads\/2021\/03\/BO-SANTA-CASA-100x70.jpg 100w, https:\/\/jorgezanoni.com.br\/2019\/wp-content\/uploads\/2021\/03\/BO-SANTA-CASA-218x150.jpg 218w, https:\/\/jorgezanoni.com.br\/2019\/wp-content\/uploads\/2021\/03\/BO-SANTA-CASA-696x479.jpg 696w, https:\/\/jorgezanoni.com.br\/2019\/wp-content\/uploads\/2021\/03\/BO-SANTA-CASA-1068x734.jpg 1068w, https:\/\/jorgezanoni.com.br\/2019\/wp-content\/uploads\/2021\/03\/BO-SANTA-CASA-611x420.jpg 611w\" sizes=\"auto, (max-width: 1280px) 100vw, 1280px\" \/><\/p>\n","protected":false},"excerpt":{"rendered":"<p>Com muita tristeza divulgamos desde o dia 15 de maro de 2020, o Boletim Atualizado da COVID-19 da Santa Casta de Dracena. S\u00e3o n\u00fameros assustadores que tiraram a paz dos moradores de Dracena e regi\u00e3o, o medo predomina todas as camadas sociais. Mas por outro lado temos que agradecer e render homenagens aos abnegados m\u00e9dicos [&hellip;]<\/p>\n","protected":false},"author":1,"featured_media":44698,"comment_status":"closed","ping_status":"open","sticky":false,"template":"","format":"standard","meta":{"footnotes":""},"categories":[110,122],"tags":[],"class_list":["post-44696","post","type-post","status-publish","format-standard","has-post-thumbnail","hentry","category-noticiasdestaque","category-saudeeducacaoeconcurso"],"_links":{"self":[{"href":"https:\/\/jorgezanoni.com.br\/2019\/wp-json\/wp\/v2\/posts\/44696","targetHints":{"allow":["GET"]}}],"collection":[{"href":"https:\/\/jorgezanoni.com.br\/2019\/wp-json\/wp\/v2\/posts"}],"about":[{"href":"https:\/\/jorgezanoni.com.br\/2019\/wp-json\/wp\/v2\/types\/post"}],"author":[{"embeddable":true,"href":"https:\/\/jorgezanoni.com.br\/2019\/wp-json\/wp\/v2\/users\/1"}],"replies":[{"embeddable":true,"href":"https:\/\/jorgezanoni.com.br\/2019\/wp-json\/wp\/v2\/comments?post=44696"}],"version-history":[{"count":0,"href":"https:\/\/jorgezanoni.com.br\/2019\/wp-json\/wp\/v2\/posts\/44696\/revisions"}],"wp:featuredmedia":[{"embeddable":true,"href":"https:\/\/jorgezanoni.com.br\/2019\/wp-json\/wp\/v2\/media\/44698"}],"wp:attachment":[{"href":"https:\/\/jorgezanoni.com.br\/2019\/wp-json\/wp\/v2\/media?parent=44696"}],"wp:term":[{"taxonomy":"category","embeddable":true,"href":"https:\/\/jorgezanoni.com.br\/2019\/wp-json\/wp\/v2\/categories?post=44696"},{"taxonomy":"post_tag","embeddable":true,"href":"https:\/\/jorgezanoni.com.br\/2019\/wp-json\/wp\/v2\/tags?post=44696"}],"curies":[{"name":"wp","href":"https:\/\/api.w.org\/{rel}","templated":true}]}}