{"id":44685,"date":"2021-03-15T15:29:02","date_gmt":"2021-03-15T15:29:02","guid":{"rendered":"https:\/\/jorgezanoni.com.br\/2019\/?p=44685"},"modified":"2021-03-15T15:29:02","modified_gmt":"2021-03-15T15:29:02","slug":"medicina-unifadra-dracena-inicia-internato-na-santa-casa-de-presidente-venceslau","status":"publish","type":"post","link":"https:\/\/jorgezanoni.com.br\/2019\/medicina-unifadra-dracena-inicia-internato-na-santa-casa-de-presidente-venceslau\/","title":{"rendered":"Medicina Unifadra\/Dracena inicia internato na Santa Casa de Presidente Venceslau"},"content":{"rendered":"<div class=\"gmail_attr\" dir=\"ltr\"><span style=\"text-align: justify;\">Os alunos do 5\u00ba ano de Medicina da Faculdade Unifadra\/Fundec de Dracena iniciaram suas atividades de internato na Santa Casa de Presidente Venceslau no dia 8 de mar\u00e7o. Este internato vai oferecer est\u00e1gio pr\u00e1tico para os alunos nas \u00e1reas de Ginecologia e Obstetr\u00edcia, Pediatria e Cirurgia.<\/span><\/div>\n<div dir=\"ltr\">\n<p dir=\"ltr\" style=\"text-align: justify;\">Durante a manh\u00e3 de apresenta\u00e7\u00f5es, os alunos foram recebidos pelos representantes da Santa Casa de Presidente Venceslau: a diretora administrativa Susi Bonif\u00e1cio e o provedor Jos\u00e9 Luis Ghizi, al\u00e9m dos demais colaboradores da institui\u00e7\u00e3o. Os representantes da Fundec Prof. Dr. Enio Garbelini, diretor acad\u00eamico da Unifadra; Prof. Me. Caio Ferreira de Oliveira, vice-coordenador de Medicina; e Fernando Nunes, diretor de comunica\u00e7\u00e3o, acompanharam os alunos neste primeiro dia de internato.<\/p>\n<p dir=\"ltr\" style=\"text-align: justify;\">O Prof. Me. Caio de Oliveira explicou que o internato m\u00e9dico \u00e9 um est\u00e1gio obrigat\u00f3rio supervisionado com carga hor\u00e1ria de 720 horas semestrais, realizado nos \u00faltimos dois anos do curso de Medicina, em parceria com hospitais, cl\u00ednicas e equipamentos p\u00fablicos de sa\u00fade, como as Unidades B\u00e1sicas de Sa\u00fade. &#8220;\u00c9 um momento \u00edmpar na forma\u00e7\u00e3o do estudante, em que ele poder\u00e1 colocar em pr\u00e1tica toda a bagagem que adquiriu nos quatro primeiros anos do curso. Embora estejamos passando por uma pandemia, nossos alunos est\u00e3o recebendo todas as orienta\u00e7\u00f5es quanto \u00e0 preven\u00e7\u00e3o contra a COVID-19, bem como oferta de equipamentos de prote\u00e7\u00e3o individual (EPIs). Al\u00e9m disso, em parceria com a Secretaria de Sa\u00fade de Dracena, eles j\u00e1 receberam as duas doses da vacina, o que proporciona mais seguran\u00e7a&#8221;, acrescentou Caio.<br \/>\nA diretora Susi Bonif\u00e1cio, em nome da Irmandade da Santa Casa, deu as boas-vindas aos estudantes e desejou um excelente est\u00e1gio. &#8220;Estamos muito felizes com a vinda dos alunos do curso de Medicina da Unifadra em nosso hospital. A nossa Santa Casa foi fundada em 1944 e inaugurada neste local em 1964. Desde ent\u00e3o, vem crescendo e ampliando a assist\u00eancia \u00e0 sa\u00fade das pessoas que nos procuram. Somos refer\u00eancia para toda a regi\u00e3o de sa\u00fade do extremo Oeste. A nossa UTI pode receber pacientes de todas as cidades da regi\u00e3o de sa\u00fade de Presidente Prudente. Adequamos o hospital com tr\u00eas salas de estudos e, com certeza, melhoraremos mais e mais para que o aluno tenha total apoio e acolhimento. O aluno vivenciar\u00e1 a rotina do hospital, desenvolvendo o racioc\u00ednio cl\u00ednico essencial na conclus\u00e3o do diagn\u00f3stico&#8221;, comentou Susi.<br \/>\nO Prof. Dr. Enio Garbelini destacou que a parceria entre a Santa Casa e a Unifadra proporcionar\u00e1 um importante campo de est\u00e1gio, para os alunos, beneficiando tamb\u00e9m a popula\u00e7\u00e3o em geral.<\/p>\n<div style=\"text-align: justify;\">Carolina Colnago<\/div>\n<div dir=\"ltr\">\n<div dir=\"ltr\" style=\"text-align: justify;\">Assistente de Comunica\u00e7\u00e3o<br \/>\nFunda\u00e7\u00e3o Dracenense de Educa\u00e7\u00e3o e Cultura<\/div>\n<\/div>\n<\/div>\n<p>&nbsp;<\/p>\n","protected":false},"excerpt":{"rendered":"<p>Os alunos do 5\u00ba ano de Medicina da Faculdade Unifadra\/Fundec de Dracena iniciaram suas atividades de internato na Santa Casa de Presidente Venceslau no dia 8 de mar\u00e7o. Este internato vai oferecer est\u00e1gio pr\u00e1tico para os alunos nas \u00e1reas de Ginecologia e Obstetr\u00edcia, Pediatria e Cirurgia. Durante a manh\u00e3 de apresenta\u00e7\u00f5es, os alunos foram recebidos [&hellip;]<\/p>\n","protected":false},"author":1,"featured_media":44686,"comment_status":"closed","ping_status":"open","sticky":false,"template":"","format":"standard","meta":{"footnotes":""},"categories":[110,122],"tags":[],"class_list":["post-44685","post","type-post","status-publish","format-standard","has-post-thumbnail","hentry","category-noticiasdestaque","category-saudeeducacaoeconcurso"],"_links":{"self":[{"href":"https:\/\/jorgezanoni.com.br\/2019\/wp-json\/wp\/v2\/posts\/44685","targetHints":{"allow":["GET"]}}],"collection":[{"href":"https:\/\/jorgezanoni.com.br\/2019\/wp-json\/wp\/v2\/posts"}],"about":[{"href":"https:\/\/jorgezanoni.com.br\/2019\/wp-json\/wp\/v2\/types\/post"}],"author":[{"embeddable":true,"href":"https:\/\/jorgezanoni.com.br\/2019\/wp-json\/wp\/v2\/users\/1"}],"replies":[{"embeddable":true,"href":"https:\/\/jorgezanoni.com.br\/2019\/wp-json\/wp\/v2\/comments?post=44685"}],"version-history":[{"count":0,"href":"https:\/\/jorgezanoni.com.br\/2019\/wp-json\/wp\/v2\/posts\/44685\/revisions"}],"wp:featuredmedia":[{"embeddable":true,"href":"https:\/\/jorgezanoni.com.br\/2019\/wp-json\/wp\/v2\/media\/44686"}],"wp:attachment":[{"href":"https:\/\/jorgezanoni.com.br\/2019\/wp-json\/wp\/v2\/media?parent=44685"}],"wp:term":[{"taxonomy":"category","embeddable":true,"href":"https:\/\/jorgezanoni.com.br\/2019\/wp-json\/wp\/v2\/categories?post=44685"},{"taxonomy":"post_tag","embeddable":true,"href":"https:\/\/jorgezanoni.com.br\/2019\/wp-json\/wp\/v2\/tags?post=44685"}],"curies":[{"name":"wp","href":"https:\/\/api.w.org\/{rel}","templated":true}]}}