{"id":44658,"date":"2021-03-15T12:06:58","date_gmt":"2021-03-15T12:06:58","guid":{"rendered":"https:\/\/jorgezanoni.com.br\/2019\/?p=44658"},"modified":"2021-03-15T12:06:58","modified_gmt":"2021-03-15T12:06:58","slug":"morre-a-tecnica-de-enfermagem-rita-de-cassia-primeira-pessoa-a-vir-a-obito-da-linha-de-frente-da-covid-em-dracena","status":"publish","type":"post","link":"https:\/\/jorgezanoni.com.br\/2019\/morre-a-tecnica-de-enfermagem-rita-de-cassia-primeira-pessoa-a-vir-a-obito-da-linha-de-frente-da-covid-em-dracena\/","title":{"rendered":"Morre a T\u00e9cnica de Enfermagem Rita de C\u00e1ssia, primeira pessoa a vir a \u00f3bito da linha de frente da COVID em Dracena"},"content":{"rendered":"<p style=\"text-align: justify;\">Comunicamos com pesar, o falecimento de Rita de C\u00e1ssia Silva Muniz Antonelo de 28 anos. Ela trabalhou como T\u00e9cnica de enfermagem na UBS do Jardim Jussara, na UPA do Jardim S\u00e3o Crist\u00f3v\u00e3o, e havia sido remanejada para o CEMAC onde atuava na linha de frente no combate da COVID 19.<\/p>\n<div class=\"o9v6fnle cxmmr5t8 oygrvhab hcukyx3x c1et5uql ii04i59q\" style=\"text-align: justify;\">\n<div dir=\"auto\">Estava internada na UTI da Santa de Dracena e acabou vindo a \u00f3bito na madrugada desta segunda-feira (15), por complica\u00e7\u00f5es da covid 19.<\/div>\n<div dir=\"auto\"><\/div>\n<\/div>\n<div class=\"o9v6fnle cxmmr5t8 oygrvhab hcukyx3x c1et5uql ii04i59q\" style=\"text-align: justify;\">\n<div dir=\"auto\">Deixa o esposo Everton, os filhos Heitor, Miguel, Helena e Clarice.<\/div>\n<div dir=\"auto\"><\/div>\n<\/div>\n<div dir=\"auto\" style=\"text-align: justify;\">O Site JZ se solidariza com a fam\u00edlia, os amigos e especialmente com os colegas de trabalho que lutam diariamente para o bem estar da popula\u00e7\u00e3o.<\/div>\n<div dir=\"auto\"><\/div>\n<div dir=\"auto\"><img loading=\"lazy\" decoding=\"async\" class=\"alignnone size-full wp-image-44660\" src=\"https:\/\/jorgezanoni.com.br\/2019\/wp-content\/uploads\/2021\/03\/Rita-1.jpg\" alt=\"\" width=\"640\" height=\"640\" srcset=\"https:\/\/jorgezanoni.com.br\/2019\/wp-content\/uploads\/2021\/03\/Rita-1.jpg 640w, https:\/\/jorgezanoni.com.br\/2019\/wp-content\/uploads\/2021\/03\/Rita-1-300x300.jpg 300w, https:\/\/jorgezanoni.com.br\/2019\/wp-content\/uploads\/2021\/03\/Rita-1-150x150.jpg 150w, https:\/\/jorgezanoni.com.br\/2019\/wp-content\/uploads\/2021\/03\/Rita-1-420x420.jpg 420w\" sizes=\"auto, (max-width: 640px) 100vw, 640px\" \/><\/div>\n<div class=\"o9v6fnle cxmmr5t8 oygrvhab hcukyx3x c1et5uql ii04i59q\">\n<div dir=\"auto\" style=\"text-align: justify;\"><\/div>\n<\/div>\n","protected":false},"excerpt":{"rendered":"<p>Comunicamos com pesar, o falecimento de Rita de C\u00e1ssia Silva Muniz Antonelo de 28 anos. Ela trabalhou como T\u00e9cnica de enfermagem na UBS do Jardim Jussara, na UPA do Jardim S\u00e3o Crist\u00f3v\u00e3o, e havia sido remanejada para o CEMAC onde atuava na linha de frente no combate da COVID 19. Estava internada na UTI da [&hellip;]<\/p>\n","protected":false},"author":1,"featured_media":44661,"comment_status":"closed","ping_status":"open","sticky":false,"template":"","format":"standard","meta":{"footnotes":""},"categories":[178,110,1],"tags":[],"class_list":["post-44658","post","type-post","status-publish","format-standard","has-post-thumbnail","hentry","category-notadefalecimento","category-noticiasdestaque","category-uncategorized"],"_links":{"self":[{"href":"https:\/\/jorgezanoni.com.br\/2019\/wp-json\/wp\/v2\/posts\/44658","targetHints":{"allow":["GET"]}}],"collection":[{"href":"https:\/\/jorgezanoni.com.br\/2019\/wp-json\/wp\/v2\/posts"}],"about":[{"href":"https:\/\/jorgezanoni.com.br\/2019\/wp-json\/wp\/v2\/types\/post"}],"author":[{"embeddable":true,"href":"https:\/\/jorgezanoni.com.br\/2019\/wp-json\/wp\/v2\/users\/1"}],"replies":[{"embeddable":true,"href":"https:\/\/jorgezanoni.com.br\/2019\/wp-json\/wp\/v2\/comments?post=44658"}],"version-history":[{"count":0,"href":"https:\/\/jorgezanoni.com.br\/2019\/wp-json\/wp\/v2\/posts\/44658\/revisions"}],"wp:featuredmedia":[{"embeddable":true,"href":"https:\/\/jorgezanoni.com.br\/2019\/wp-json\/wp\/v2\/media\/44661"}],"wp:attachment":[{"href":"https:\/\/jorgezanoni.com.br\/2019\/wp-json\/wp\/v2\/media?parent=44658"}],"wp:term":[{"taxonomy":"category","embeddable":true,"href":"https:\/\/jorgezanoni.com.br\/2019\/wp-json\/wp\/v2\/categories?post=44658"},{"taxonomy":"post_tag","embeddable":true,"href":"https:\/\/jorgezanoni.com.br\/2019\/wp-json\/wp\/v2\/tags?post=44658"}],"curies":[{"name":"wp","href":"https:\/\/api.w.org\/{rel}","templated":true}]}}