{"id":44648,"date":"2021-03-14T17:53:01","date_gmt":"2021-03-14T17:53:01","guid":{"rendered":"https:\/\/jorgezanoni.com.br\/2019\/?p=44648"},"modified":"2021-03-14T18:59:25","modified_gmt":"2021-03-14T18:59:25","slug":"ex-prefeito-e-uma-mulher-ficam-feridos-apos-capotamento-de-veiculo","status":"publish","type":"post","link":"https:\/\/jorgezanoni.com.br\/2019\/ex-prefeito-e-uma-mulher-ficam-feridos-apos-capotamento-de-veiculo\/","title":{"rendered":"Ex prefeito e uma mulher ficam feridos ap\u00f3s capotamento de ve\u00edculo"},"content":{"rendered":"<div class=\"kvgmc6g5 cxmmr5t8 oygrvhab hcukyx3x c1et5uql ii04i59q\">\n<div dir=\"auto\" style=\"text-align: justify;\">Na noite deste s\u00e1bado (13), a Pol\u00edcia Militar de Osvaldo Cruz, em apoio ao munic\u00edpio de Sagres, atendeu uma ocorr\u00eancia de acidente de tr\u00e2nsito com v\u00edtimas, na vicinal que liga Sagres ao Bairro Placa 28.<\/div>\n<\/div>\n<div class=\"o9v6fnle cxmmr5t8 oygrvhab hcukyx3x c1et5uql ii04i59q\">\n<div dir=\"auto\">\n<p style=\"text-align: justify;\">Segundo informa\u00e7\u00f5es do boletim de ocorr\u00eancia, um ve\u00edculo Chevrolet\/Onix, com placas de Sagres, dirigido por uma mulher de 27 anos e que tinha como p<\/p>\n<p style=\"text-align: justify;\">assageiro o ex prefeito de Sagres, Ricardo Rived, seguia sentindo Bairro Placa 28 a Sagres, quando a aproximadamente dois quil\u00f4metros do munic\u00edpio, segundo a condutora, um animal cruzou a pista e quando tentou desviar, perdeu o controle de dire\u00e7\u00e3o, vindo sair da pista e em seguida capotou.<\/p>\n<div class=\"o9v6fnle cxmmr5t8 oygrvhab hcukyx3x c1et5uql ii04i59q\" style=\"text-align: justify;\">\n<div dir=\"auto\">\n<p>A condutora que est\u00e1 gr\u00e1vida, de 36 semanas, foi socorrida pela Unidade Resgate do Corpo de Bombeiro de Osvaldo Cruz e o ex prefeito de Sagres, Ricardo Rived, foi socorrido pelo servi\u00e7o de ambul\u00e2ncia do munic\u00edpio, para a Santa Casa de Osvaldo Cruz.<\/p>\n<\/div>\n<\/div>\n<div class=\"o9v6fnle cxmmr5t8 oygrvhab hcukyx3x c1et5uql ii04i59q\">\n<div dir=\"auto\">\n<p style=\"text-align: justify;\">Condutora \u00e9 nora do ex-prefeito\u00a0e ambos com ferimentos leves, foram medicados e liberados posteriormente.<\/p>\n<p style=\"text-align: justify;\">Fonte: Cristiano Nascimento \/ CN News<\/p>\n<\/div>\n<\/div>\n<\/div>\n<\/div>\n","protected":false},"excerpt":{"rendered":"<p>Na noite deste s\u00e1bado (13), a Pol\u00edcia Militar de Osvaldo Cruz, em apoio ao munic\u00edpio de Sagres, atendeu uma ocorr\u00eancia de acidente de tr\u00e2nsito com v\u00edtimas, na vicinal que liga Sagres ao Bairro Placa 28. Segundo informa\u00e7\u00f5es do boletim de ocorr\u00eancia, um ve\u00edculo Chevrolet\/Onix, com placas de Sagres, dirigido por uma mulher de 27 anos [&hellip;]<\/p>\n","protected":false},"author":1,"featured_media":44649,"comment_status":"closed","ping_status":"open","sticky":false,"template":"","format":"standard","meta":{"footnotes":""},"categories":[170,110],"tags":[],"class_list":["post-44648","post","type-post","status-publish","format-standard","has-post-thumbnail","hentry","category-acidentes","category-noticiasdestaque"],"_links":{"self":[{"href":"https:\/\/jorgezanoni.com.br\/2019\/wp-json\/wp\/v2\/posts\/44648","targetHints":{"allow":["GET"]}}],"collection":[{"href":"https:\/\/jorgezanoni.com.br\/2019\/wp-json\/wp\/v2\/posts"}],"about":[{"href":"https:\/\/jorgezanoni.com.br\/2019\/wp-json\/wp\/v2\/types\/post"}],"author":[{"embeddable":true,"href":"https:\/\/jorgezanoni.com.br\/2019\/wp-json\/wp\/v2\/users\/1"}],"replies":[{"embeddable":true,"href":"https:\/\/jorgezanoni.com.br\/2019\/wp-json\/wp\/v2\/comments?post=44648"}],"version-history":[{"count":0,"href":"https:\/\/jorgezanoni.com.br\/2019\/wp-json\/wp\/v2\/posts\/44648\/revisions"}],"wp:featuredmedia":[{"embeddable":true,"href":"https:\/\/jorgezanoni.com.br\/2019\/wp-json\/wp\/v2\/media\/44649"}],"wp:attachment":[{"href":"https:\/\/jorgezanoni.com.br\/2019\/wp-json\/wp\/v2\/media?parent=44648"}],"wp:term":[{"taxonomy":"category","embeddable":true,"href":"https:\/\/jorgezanoni.com.br\/2019\/wp-json\/wp\/v2\/categories?post=44648"},{"taxonomy":"post_tag","embeddable":true,"href":"https:\/\/jorgezanoni.com.br\/2019\/wp-json\/wp\/v2\/tags?post=44648"}],"curies":[{"name":"wp","href":"https:\/\/api.w.org\/{rel}","templated":true}]}}