{"id":44622,"date":"2021-03-14T02:56:46","date_gmt":"2021-03-14T02:56:46","guid":{"rendered":"https:\/\/jorgezanoni.com.br\/2019\/?p=44622"},"modified":"2021-03-14T02:56:46","modified_gmt":"2021-03-14T02:56:46","slug":"homenagem-a-mariza-buccironi-que-completaria-70-anos-hoje-13","status":"publish","type":"post","link":"https:\/\/jorgezanoni.com.br\/2019\/homenagem-a-mariza-buccironi-que-completaria-70-anos-hoje-13\/","title":{"rendered":"Homenagem a Mariza Buccironi que completaria 70 anos hoje (13)"},"content":{"rendered":"<p style=\"text-align: justify;\"><strong>Mariza Buccironi<\/strong><\/p>\n<p style=\"text-align: justify;\"><strong>Uma hist\u00f3ria de amor em favor da vida<\/strong><\/p>\n<p style=\"text-align: justify;\">Nascida em 13 de mar\u00e7o de 1951, na antiga Maternidade S\u00e3o Paulo, na Capital Paulista, Mariza era filha de Gildo Cortezi, militar aposentado da Guarda Civil do Estado de S\u00e3o Paulo, ex-combatente da Revolu\u00e7\u00e3o de 1932 e pracinha da FEB entre 1944 e 1945, na It\u00e1lia. Sua m\u00e3e, Olga Marco Ant\u00f4nio Cortezi, era professora e atuava no ensino infantil da rede p\u00fablica paulista.<\/p>\n<p style=\"text-align: justify;\">Mariza fez seus estudos ginasial no Col\u00e9gio Emilie de Villeneuve, em S\u00e3o Paulo, e o colegial no Col\u00e9gio S\u00e3o Bento de Araraquara.<\/p>\n<p style=\"text-align: justify;\">Ap\u00f3s graduar-se em Jornalismo em 1974, pela PUC de Campinas, permaneceu nesta cidade e trabalhou em locais como Jornal Di\u00e1rio do Povo (redatora do departamento feminino), Jornal de Domingo (redatora, colunista, diagramadora e editora), Ag\u00eancia de Turismo Caprioli (guia de turismo rodovi\u00e1rio).<\/p>\n<p style=\"text-align: justify;\">De volta \u00e0 S\u00e3o Paulo, atuou no Novo Grupo Editora T\u00e9cnica (redatora das revistas Constru\u00e7\u00e3o Pesada e Energia El\u00e9trica), Di\u00e1rio da Noite (redatora do suplemento de turismo), Editora Abril (redatora da revista Nova) e Jornal Cruzeiro do Sul (rep\u00f3rter do caderno de turismo), de Sorocaba.<\/p>\n<p style=\"text-align: justify;\">Esteve na It\u00e1lia e na Alemanha, em setembro de 1975, a convite do Governo da Rep\u00fablica Federal da Alemanha, atrav\u00e9s do Centro de Turismo Alem\u00e3o.<\/p>\n<p style=\"text-align: justify;\">E, em 1981, passou os 5 primeiros meses do ano em interc\u00e2mbio na cidade de Bournemouth, na Inglaterra, a fim de aperfei\u00e7oar o idioma.<\/p>\n<p style=\"text-align: justify;\">Casou-se em 11 de julho de 1981, na cidade de Piracicaba, com Mario Leite Buccironi. Tiveram dois filhos: Cristina, nascida em outubro de 1982 e Guilherme, nascido em novembro de 1985, ambos em S\u00e3o Paulo.<\/p>\n<p style=\"text-align: justify;\">Em maio de 1986 mudaram-se para Andradina, onde Mario estabeleceu-se como S\u00f3cio-Propriet\u00e1rio de uma Concession\u00e1ria Fiat. Mariza encantou-se com a tranquilidade e as facilidades da vida no interior, que experimentara pela primeira vez. Apesar do curto tempo em que ficaram por l\u00e1 (3 anos), o casal fez boas amizades, muitas das quais ainda perduram at\u00e9 os dias de hoje.<\/p>\n<p style=\"text-align: justify;\">Em novembro de 1989, a fam\u00edlia chegou em Dracena, onde tamb\u00e9m foram rapidamente bem acolhidos pela comunidade. No come\u00e7o dos anos 1990 ingressaram no Rotary Club Dracena Imperial.<\/p>\n<p style=\"text-align: justify;\">Em 1994, Mario assumiu a presid\u00eancia do Rotary Club e Mariza ficou \u00e0 frente da Casa da Amizade. Come\u00e7ava ali a longa trajet\u00f3ria de voluntariado e tantos projetos desenvolvidos em Dracena.<\/p>\n<p style=\"text-align: justify;\">Ao longo de uma d\u00e9cada como integrante da Casa da Amizade, Mariza ajudou a idealizar v\u00e1rios eventos e campanhas beneficentes em prol de entidades assistenciais, tais como jantares dan\u00e7antes tem\u00e1ticos, ch\u00e1s com sorteio de prendas para mulheres, visitas \u00e0 Santa Casa para oferecer ch\u00e1 e bolacha aos pacientes, dentre outros.<\/p>\n<p style=\"text-align: justify;\">Em meados de 1997, ap\u00f3s participar de uma palestra com o coordenador dos grupos de volunt\u00e1rios ligados ao Hospital Amaral Carvalho de Ja\u00fa, Eduardo Nadalet, Mariza come\u00e7a a se interessar sobre o assunto e, junto de outras volunt\u00e1rias, em 28 de setembro daquele ano, fundou a Avapac (Associa\u00e7\u00e3o de Volunt\u00e1rios de Apoio ao Paciente de C\u00e2ncer).<\/p>\n<p style=\"text-align: justify;\">Foi a primeira presidente da entidade, cargo esse que assumiu por outras vezes ao longo dos mais de 25 anos de servi\u00e7os prestados. Promoveu e idealizou diversas campanhas e eventos para arrecada\u00e7\u00e3o de fundos para custeio com as despesas dos pacientes assistidos, dentre elas destacamos o Torra-torra, leil\u00e3o de gado, Show de Pr\u00eamios, macarronadas, churrascos, Bazar do Bem e a tradicional Bacalhoada, todos sempre com sucesso de p\u00fablico.<\/p>\n<p style=\"text-align: justify;\">Ainda implantou na entidade atividades internas para fortalecimento de v\u00ednculos, como o Coral das pacientes que passaram por tratamento de c\u00e2ncer de mama, e grupos de artesanato (bordados, pinturas, croch\u00ea) e de cozinheiras (doces e salgados), para as volunt\u00e1rias, onde as pe\u00e7as e os produtos s\u00e3o vendidos \u00e0 comunidade e a renda \u00e9 revertida para custeio de despesas.<\/p>\n<p style=\"text-align: justify;\">Participou de diversos eventos ligados \u00e0 \u00e1rea de sa\u00fade e c\u00e2ncer n\u00e3o s\u00f3 em Dracena, mas em importantes cidades como S\u00e3o Paulo, Bras\u00edlia, Ja\u00fa, Barretos, Presidente Prudente, \u00c1guas de Lind\u00f3ia, dentre outras.<\/p>\n<p style=\"text-align: justify;\">Ministrou ainda algumas palestras em faculdades, clubes de servi\u00e7o e col\u00e9gios de ensino m\u00e9dio na regi\u00e3o para falar sobre sua profiss\u00e3o de jornalista e de seu trabalho de voluntariado.<\/p>\n<p style=\"text-align: justify;\">Al\u00e9m da Avapac e Casa da Amizade, foi presidente da APMIAD (Creche da Nadir), entre 1997 e 1998, integrou a Associa\u00e7\u00e3o de Pais e Mestres da E.E. Eng. Isac Pereira Garcez (2000-01), e foi membro do conselho da ACE &#8211; Associa\u00e7\u00e3o Comercial e Empresarial de Dracena, em 2000. \u00a0Foi ainda candidata a vice-prefeita, em 2008, junto com Rub\u00e3o Arruda.<\/p>\n<p style=\"text-align: justify;\">Em 2019, empenhou-se em reerguer uma Associa\u00e7\u00e3o que a sensibilizou muito quando soube detalhes do hist\u00f3rico de seus pacientes, a dos renais cr\u00f4nicos. Nascia ent\u00e3o a Adrim &#8211; Associa\u00e7\u00e3o de Apoio aos Renais Cr\u00f4nicos de Dracena. Para poder contribuir efetivamente com a reativa\u00e7\u00e3o, estabeleceu a Entidade no mesmo pr\u00e9dio da Avapac.<\/p>\n<p style=\"text-align: justify;\">Era carinhosamente chamada pelas demais volunt\u00e1rias de \u2018pit bull\u2019, pois fazia quest\u00e3o de conduzir a entidade de uma forma firme e decidida, por\u00e9m com muita aten\u00e7\u00e3o, honestidade e lealdade aos princ\u00edpios \u00e9ticos que sua posi\u00e7\u00e3o exigia. Por esses motivos, muito mais do que colegas de trabalho ou de voluntariado, formou grandes amizades por onde passou.<\/p>\n<p style=\"text-align: justify;\">Recebeu ainda diversas homenagens pelos relevantes servi\u00e7os prestados, dentre eles destacam-se o t\u00edtulo Paul Harris, a mais importante comenda do Rotary Internacional, al\u00e9m de diplomas de honra ao m\u00e9rito e de destaque do ano de entidades como OAB, Lions Club, Fundec, Faculdades Reges, Prefeitura e C\u00e2mara Municipal de Dracena. Em 2015, na comemora\u00e7\u00e3o dos 100 anos de exist\u00eancia da Funda\u00e7\u00e3o Amaral Carvalho, em Ja\u00fa, foi-lhe concedida uma Men\u00e7\u00e3o Honrosa de volunt\u00e1ria destaque do ano.<\/p>\n<p style=\"text-align: justify;\">No campo profissional, Mariza foi s\u00f3cia-propriet\u00e1ria da ag\u00eancia de turismo WER, no come\u00e7o dos anos 1990, e jornalista e redatora-chefe do Jornal Regional de Dracena (1997-2008), empresa essa que, atrav\u00e9s do seu propriet\u00e1rio Edir Gon\u00e7alves, recebeu apoio incondicional quando a Avapac estava iniciando suas atividades e por vezes precisava se ausentar da reda\u00e7\u00e3o para tratar de assuntos da entidade.<\/p>\n<p style=\"text-align: justify;\">No Jornal Regional, usando sempre as p\u00e1ginas do \u2018Caderno 2\u2019, aos domingos, fez relevantes reportagens contando a hist\u00f3ria de quem s\u00e3o as pessoas que d\u00e3o nomes \u00e0s escolas de Dracena e tamb\u00e9m quem foram os pioneiros da cidade homenageados em nossas ruas e avenidas. Produziu ainda mat\u00e9rias com antigos profissionais de of\u00edcios que estavam praticamente extintos, como os alfaiates, os charreteiros e os barbeiros. Assinou ainda muitas outras mat\u00e9rias e reportagens hist\u00f3ricas, que fez quest\u00e3o de guardar cada uma delas em uma pomposa mala em sua casa.<\/p>\n<p style=\"text-align: justify;\">Antes de conseguir a almejada aposentadoria em 2011, trabalhou ainda no Jornal Universit\u00e1rio das Faculdades Adamantinenses Integradas &#8211; FAI, em Adamantina, por dois anos (2009-10).<\/p>\n<p style=\"text-align: justify;\">Participou ativamente das comunidades cat\u00f3licas do Santu\u00e1rio de Nossa Senhora de F\u00e1tima e da Matriz de Nossa Senhora Aparecida, como ministra da eucaristia e da liturgia.<\/p>\n<p style=\"text-align: justify;\">Mariza faleceu por complica\u00e7\u00f5es da covid-19 \u00e0s 2h do dia 30 de janeiro deste ano, ap\u00f3s 30 dias de testar positivo para coronav\u00edrus, sendo 20 deles de interna\u00e7\u00e3o na UTI da Santa Casa de Dracena. Dizia sempre que tinha tr\u00eas grandes amores na vida: sua fam\u00edlia (os cachorros inclusos), sua casa, e Dracena, cidade que a acolheu t\u00e3o bem e foi muito feliz por aqui.<\/p>\n<p style=\"text-align: justify;\">Al\u00e9m do esposo e dos filhos, deixou a neta Marina, de 1 ano, o genro Eder e a nora Am\u00e9lia. Cristina mora com a fam\u00edlia em Ribeir\u00e3o Preto, \u00e9 formada em psicologia e trabalha no setor de RH de uma empresa de tecnologia, enquanto Mario, aposentado, Guilherme, formado em administra\u00e7\u00e3o e funcion\u00e1rio p\u00fablico municipal, e Am\u00e9lia, residem em Dracena.<\/p>\n<p style=\"text-align: justify;\">Mais do que a sua fam\u00edlia, ela deixa uma legi\u00e3o de amigos e admiradores em Dracena e regi\u00e3o, e um legado que ficar\u00e1 para sempre na hist\u00f3ria da cidade como um exemplo de carinho e amor ao pr\u00f3ximo atrav\u00e9s do voluntariado.<\/p>\n<p style=\"text-align: justify;\">Uma sincera homenagem da Fam\u00edlia Cortezi Buccironi.<\/p>\n","protected":false},"excerpt":{"rendered":"<p>Mariza Buccironi Uma hist\u00f3ria de amor em favor da vida Nascida em 13 de mar\u00e7o de 1951, na antiga Maternidade S\u00e3o Paulo, na Capital Paulista, Mariza era filha de Gildo Cortezi, militar aposentado da Guarda Civil do Estado de S\u00e3o Paulo, ex-combatente da Revolu\u00e7\u00e3o de 1932 e pracinha da FEB entre 1944 e 1945, na [&hellip;]<\/p>\n","protected":false},"author":1,"featured_media":44623,"comment_status":"closed","ping_status":"open","sticky":false,"template":"","format":"standard","meta":{"footnotes":""},"categories":[114,110],"tags":[],"class_list":["post-44622","post","type-post","status-publish","format-standard","has-post-thumbnail","hentry","category-geralecomercio","category-noticiasdestaque"],"_links":{"self":[{"href":"https:\/\/jorgezanoni.com.br\/2019\/wp-json\/wp\/v2\/posts\/44622","targetHints":{"allow":["GET"]}}],"collection":[{"href":"https:\/\/jorgezanoni.com.br\/2019\/wp-json\/wp\/v2\/posts"}],"about":[{"href":"https:\/\/jorgezanoni.com.br\/2019\/wp-json\/wp\/v2\/types\/post"}],"author":[{"embeddable":true,"href":"https:\/\/jorgezanoni.com.br\/2019\/wp-json\/wp\/v2\/users\/1"}],"replies":[{"embeddable":true,"href":"https:\/\/jorgezanoni.com.br\/2019\/wp-json\/wp\/v2\/comments?post=44622"}],"version-history":[{"count":0,"href":"https:\/\/jorgezanoni.com.br\/2019\/wp-json\/wp\/v2\/posts\/44622\/revisions"}],"wp:featuredmedia":[{"embeddable":true,"href":"https:\/\/jorgezanoni.com.br\/2019\/wp-json\/wp\/v2\/media\/44623"}],"wp:attachment":[{"href":"https:\/\/jorgezanoni.com.br\/2019\/wp-json\/wp\/v2\/media?parent=44622"}],"wp:term":[{"taxonomy":"category","embeddable":true,"href":"https:\/\/jorgezanoni.com.br\/2019\/wp-json\/wp\/v2\/categories?post=44622"},{"taxonomy":"post_tag","embeddable":true,"href":"https:\/\/jorgezanoni.com.br\/2019\/wp-json\/wp\/v2\/tags?post=44622"}],"curies":[{"name":"wp","href":"https:\/\/api.w.org\/{rel}","templated":true}]}}