{"id":44617,"date":"2021-03-14T02:08:02","date_gmt":"2021-03-14T02:08:02","guid":{"rendered":"https:\/\/jorgezanoni.com.br\/2019\/?p=44617"},"modified":"2021-03-14T02:19:31","modified_gmt":"2021-03-14T02:19:31","slug":"morre-o-dr-antonio-perinazzo-do-laboratorio","status":"publish","type":"post","link":"https:\/\/jorgezanoni.com.br\/2019\/morre-o-dr-antonio-perinazzo-do-laboratorio\/","title":{"rendered":"Morre o Dr. Antonio Perinazzo do Laborat\u00f3rio Dracena"},"content":{"rendered":"<p style=\"text-align: justify;\">Comunicamos com pesar o falecimento do Dr. Antonio Perinazzo de 77 anos, Famac\u00eautico Bioqu\u00edmico. Ele estava em tratamento da COVID-19 desde o dia 20 de fevereiro, e na noite deste s\u00e1bado veio a \u00f3bito, na cidade de Marilia.<\/p>\n<p style=\"text-align: justify;\">Era morador antigo de Dracena, propriet\u00e1rio do Laborat\u00f3rio de An\u00e1lises Cl\u00ednicas Dracena na Avenida Presidente Vargas.<\/p>\n<p style=\"text-align: justify;\">Deixa a esposa Jureni, filhos, genro, nora e netos.<\/p>\n<p style=\"text-align: justify;\">O seu Corpo ser\u00e1 sepultado amanh\u00e3 na cidade de Poloni, onde tamb\u00e9m est\u00e3o seus pais.<\/p>\n<p style=\"text-align: justify;\">A fam\u00edlia enlutada, os sentimentos do Site JZ.<\/p>\n<p style=\"text-align: justify;\">Jorge Zanoni<\/p>\n","protected":false},"excerpt":{"rendered":"<p>Comunicamos com pesar o falecimento do Dr. Antonio Perinazzo de 77 anos, Famac\u00eautico Bioqu\u00edmico. Ele estava em tratamento da COVID-19 desde o dia 20 de fevereiro, e na noite deste s\u00e1bado veio a \u00f3bito, na cidade de Marilia. Era morador antigo de Dracena, propriet\u00e1rio do Laborat\u00f3rio de An\u00e1lises Cl\u00ednicas Dracena na Avenida Presidente Vargas. Deixa [&hellip;]<\/p>\n","protected":false},"author":1,"featured_media":44618,"comment_status":"closed","ping_status":"open","sticky":false,"template":"","format":"standard","meta":{"footnotes":""},"categories":[178,110],"tags":[],"class_list":["post-44617","post","type-post","status-publish","format-standard","has-post-thumbnail","hentry","category-notadefalecimento","category-noticiasdestaque"],"_links":{"self":[{"href":"https:\/\/jorgezanoni.com.br\/2019\/wp-json\/wp\/v2\/posts\/44617","targetHints":{"allow":["GET"]}}],"collection":[{"href":"https:\/\/jorgezanoni.com.br\/2019\/wp-json\/wp\/v2\/posts"}],"about":[{"href":"https:\/\/jorgezanoni.com.br\/2019\/wp-json\/wp\/v2\/types\/post"}],"author":[{"embeddable":true,"href":"https:\/\/jorgezanoni.com.br\/2019\/wp-json\/wp\/v2\/users\/1"}],"replies":[{"embeddable":true,"href":"https:\/\/jorgezanoni.com.br\/2019\/wp-json\/wp\/v2\/comments?post=44617"}],"version-history":[{"count":0,"href":"https:\/\/jorgezanoni.com.br\/2019\/wp-json\/wp\/v2\/posts\/44617\/revisions"}],"wp:featuredmedia":[{"embeddable":true,"href":"https:\/\/jorgezanoni.com.br\/2019\/wp-json\/wp\/v2\/media\/44618"}],"wp:attachment":[{"href":"https:\/\/jorgezanoni.com.br\/2019\/wp-json\/wp\/v2\/media?parent=44617"}],"wp:term":[{"taxonomy":"category","embeddable":true,"href":"https:\/\/jorgezanoni.com.br\/2019\/wp-json\/wp\/v2\/categories?post=44617"},{"taxonomy":"post_tag","embeddable":true,"href":"https:\/\/jorgezanoni.com.br\/2019\/wp-json\/wp\/v2\/tags?post=44617"}],"curies":[{"name":"wp","href":"https:\/\/api.w.org\/{rel}","templated":true}]}}