{"id":44606,"date":"2021-03-13T16:06:13","date_gmt":"2021-03-13T16:06:13","guid":{"rendered":"https:\/\/jorgezanoni.com.br\/2019\/?p=44606"},"modified":"2021-03-13T16:06:13","modified_gmt":"2021-03-13T16:06:13","slug":"prefeito-andre-lemos-recebe-alta-da-santa-casa-local","status":"publish","type":"post","link":"https:\/\/jorgezanoni.com.br\/2019\/prefeito-andre-lemos-recebe-alta-da-santa-casa-local\/","title":{"rendered":"Prefeito Andr\u00e9 Lemos recebe alta da Santa Casa local"},"content":{"rendered":"<p style=\"text-align: justify;\"><strong><em>O prefeito estava internado na Santa Casa da cidade desde quarta-feira, dia 3, para tratamento da covid 19.<\/em><\/strong><\/p>\n<p style=\"text-align: justify;\">O prefeito Andr\u00e9 Lemos, de Dracena, deixou a Santa Casa local h\u00e1 poucos instantes nesta manh\u00e3 de s\u00e1bado, dia 13. Ele havia dado entrado no hospital na quarta-feira, dia 3, para tratamento da covid 19.<\/p>\n<p style=\"text-align: justify;\">Andr\u00e9 aproveitou para agradecer a todos que rezaram para o restabelecimento da sa\u00fade dele. Informou que continuar\u00e1 a fase final do tratamento em casa. &#8220;Vencemos uma etapa bem dif\u00edcil, mas ainda tenho alguns dias para poder superar definitivamente a doen\u00e7a. Estou bem, voltando para casa feliz, muito agradecimento pelo que recebi aqui na Santa Casa, aos m\u00e9dicos, enfermeiros, auxiliares, a toda equipe&#8221;.<\/p>\n<p style=\"text-align: justify;\">A m\u00e9dica infectologista Germana Souza, respons\u00e1vel t\u00e9cnica pelo Centro Municipal de Atendimento \u00e0 Covid, CEMAC, acompanhou a sa\u00edda do prefeito.<\/p>\n<p style=\"text-align: justify;\">Doutora Germana informou que Andr\u00e9 continuar\u00e1 sendo monitorado na casa dele. Na pr\u00f3xima segunda-feira, ser\u00e1 avaliado quanto a possibilidade de alta e manter\u00e1 o trabalho em home office por enquanto.<\/p>\n<p style=\"text-align: justify;\">Fonte: Diretoria de Comunica\u00e7\u00e3o<\/p>\n","protected":false},"excerpt":{"rendered":"<p>O prefeito estava internado na Santa Casa da cidade desde quarta-feira, dia 3, para tratamento da covid 19. O prefeito Andr\u00e9 Lemos, de Dracena, deixou a Santa Casa local h\u00e1 poucos instantes nesta manh\u00e3 de s\u00e1bado, dia 13. Ele havia dado entrado no hospital na quarta-feira, dia 3, para tratamento da covid 19. Andr\u00e9 aproveitou [&hellip;]<\/p>\n","protected":false},"author":1,"featured_media":44607,"comment_status":"closed","ping_status":"open","sticky":false,"template":"","format":"standard","meta":{"footnotes":""},"categories":[110,122],"tags":[],"class_list":["post-44606","post","type-post","status-publish","format-standard","has-post-thumbnail","hentry","category-noticiasdestaque","category-saudeeducacaoeconcurso"],"_links":{"self":[{"href":"https:\/\/jorgezanoni.com.br\/2019\/wp-json\/wp\/v2\/posts\/44606","targetHints":{"allow":["GET"]}}],"collection":[{"href":"https:\/\/jorgezanoni.com.br\/2019\/wp-json\/wp\/v2\/posts"}],"about":[{"href":"https:\/\/jorgezanoni.com.br\/2019\/wp-json\/wp\/v2\/types\/post"}],"author":[{"embeddable":true,"href":"https:\/\/jorgezanoni.com.br\/2019\/wp-json\/wp\/v2\/users\/1"}],"replies":[{"embeddable":true,"href":"https:\/\/jorgezanoni.com.br\/2019\/wp-json\/wp\/v2\/comments?post=44606"}],"version-history":[{"count":0,"href":"https:\/\/jorgezanoni.com.br\/2019\/wp-json\/wp\/v2\/posts\/44606\/revisions"}],"wp:featuredmedia":[{"embeddable":true,"href":"https:\/\/jorgezanoni.com.br\/2019\/wp-json\/wp\/v2\/media\/44607"}],"wp:attachment":[{"href":"https:\/\/jorgezanoni.com.br\/2019\/wp-json\/wp\/v2\/media?parent=44606"}],"wp:term":[{"taxonomy":"category","embeddable":true,"href":"https:\/\/jorgezanoni.com.br\/2019\/wp-json\/wp\/v2\/categories?post=44606"},{"taxonomy":"post_tag","embeddable":true,"href":"https:\/\/jorgezanoni.com.br\/2019\/wp-json\/wp\/v2\/tags?post=44606"}],"curies":[{"name":"wp","href":"https:\/\/api.w.org\/{rel}","templated":true}]}}