{"id":44600,"date":"2021-03-13T14:58:41","date_gmt":"2021-03-13T14:58:41","guid":{"rendered":"https:\/\/jorgezanoni.com.br\/2019\/?p=44600"},"modified":"2021-03-13T14:58:41","modified_gmt":"2021-03-13T14:58:41","slug":"morre-o-pastor-joel-amaro-da-comunidade-do-jardim-brasilandia","status":"publish","type":"post","link":"https:\/\/jorgezanoni.com.br\/2019\/morre-o-pastor-joel-amaro-da-comunidade-do-jardim-brasilandia\/","title":{"rendered":"Morre o Pastor Joel Amaro da Comunidade do Jardim Brasil\u00e2ndia"},"content":{"rendered":"<p style=\"text-align: justify;\">Comunicamos com pesar o falecimento do Pastor Joel Amaro da Silva de 56 anos, ocorrido na cidade de Marilia, na manh\u00e3 deste s\u00e1bado, onde estava em tratamento da COVID-19.<\/p>\n<p style=\"text-align: justify;\">Era Pastor da Comunidade Batista Jeov\u00e1 Nissin, do Jardim Brasil\u00e2ndia em Dracena.<\/p>\n<p style=\"text-align: justify;\">Deixa a esposa Patr\u00edcia, tr\u00eas filhos e netos, demais familiares e amigos.<\/p>\n<p style=\"text-align: justify;\">O Site JZ se solidariza com a fam\u00edlia, demais membros da comunidade e amigos neste dif\u00edcil momento.<\/p>\n<p><img loading=\"lazy\" decoding=\"async\" class=\"alignnone size-full wp-image-44603\" src=\"https:\/\/jorgezanoni.com.br\/2019\/wp-content\/uploads\/2021\/03\/Joel-2-2.jpg\" alt=\"\" width=\"621\" height=\"620\" srcset=\"https:\/\/jorgezanoni.com.br\/2019\/wp-content\/uploads\/2021\/03\/Joel-2-2.jpg 621w, https:\/\/jorgezanoni.com.br\/2019\/wp-content\/uploads\/2021\/03\/Joel-2-2-300x300.jpg 300w, https:\/\/jorgezanoni.com.br\/2019\/wp-content\/uploads\/2021\/03\/Joel-2-2-150x150.jpg 150w, https:\/\/jorgezanoni.com.br\/2019\/wp-content\/uploads\/2021\/03\/Joel-2-2-421x420.jpg 421w\" sizes=\"auto, (max-width: 621px) 100vw, 621px\" \/><\/p>\n<p>&nbsp;<\/p>\n","protected":false},"excerpt":{"rendered":"<p>Comunicamos com pesar o falecimento do Pastor Joel Amaro da Silva de 56 anos, ocorrido na cidade de Marilia, na manh\u00e3 deste s\u00e1bado, onde estava em tratamento da COVID-19. Era Pastor da Comunidade Batista Jeov\u00e1 Nissin, do Jardim Brasil\u00e2ndia em Dracena. Deixa a esposa Patr\u00edcia, tr\u00eas filhos e netos, demais familiares e amigos. O Site [&hellip;]<\/p>\n","protected":false},"author":1,"featured_media":44604,"comment_status":"closed","ping_status":"open","sticky":false,"template":"","format":"standard","meta":{"footnotes":""},"categories":[178,110],"tags":[],"class_list":["post-44600","post","type-post","status-publish","format-standard","has-post-thumbnail","hentry","category-notadefalecimento","category-noticiasdestaque"],"_links":{"self":[{"href":"https:\/\/jorgezanoni.com.br\/2019\/wp-json\/wp\/v2\/posts\/44600","targetHints":{"allow":["GET"]}}],"collection":[{"href":"https:\/\/jorgezanoni.com.br\/2019\/wp-json\/wp\/v2\/posts"}],"about":[{"href":"https:\/\/jorgezanoni.com.br\/2019\/wp-json\/wp\/v2\/types\/post"}],"author":[{"embeddable":true,"href":"https:\/\/jorgezanoni.com.br\/2019\/wp-json\/wp\/v2\/users\/1"}],"replies":[{"embeddable":true,"href":"https:\/\/jorgezanoni.com.br\/2019\/wp-json\/wp\/v2\/comments?post=44600"}],"version-history":[{"count":0,"href":"https:\/\/jorgezanoni.com.br\/2019\/wp-json\/wp\/v2\/posts\/44600\/revisions"}],"wp:featuredmedia":[{"embeddable":true,"href":"https:\/\/jorgezanoni.com.br\/2019\/wp-json\/wp\/v2\/media\/44604"}],"wp:attachment":[{"href":"https:\/\/jorgezanoni.com.br\/2019\/wp-json\/wp\/v2\/media?parent=44600"}],"wp:term":[{"taxonomy":"category","embeddable":true,"href":"https:\/\/jorgezanoni.com.br\/2019\/wp-json\/wp\/v2\/categories?post=44600"},{"taxonomy":"post_tag","embeddable":true,"href":"https:\/\/jorgezanoni.com.br\/2019\/wp-json\/wp\/v2\/tags?post=44600"}],"curies":[{"name":"wp","href":"https:\/\/api.w.org\/{rel}","templated":true}]}}