{"id":44557,"date":"2021-03-13T02:11:17","date_gmt":"2021-03-13T02:11:17","guid":{"rendered":"https:\/\/jorgezanoni.com.br\/2019\/?p=44557"},"modified":"2021-03-13T02:11:17","modified_gmt":"2021-03-13T02:11:17","slug":"dracena-vive-o-quarto-lockdow-neste-sabado-e-domingo","status":"publish","type":"post","link":"https:\/\/jorgezanoni.com.br\/2019\/dracena-vive-o-quarto-lockdow-neste-sabado-e-domingo\/","title":{"rendered":"Dracena vive o quarto LOCKDOW neste s\u00e1bado e domingo"},"content":{"rendered":"<p style=\"text-align: justify;\"><strong><em>A m\u00e9dica coordenadora da UTI COVID 19 da Santa Casa local, Aline Damasceno acredita que as confirma\u00e7\u00f5es de casos positivos diminu\u00edram nos \u00faltimos dias, devido a menor circula\u00e7\u00e3o das pessoas, por\u00e9m o aumento de mortes deve-se a nova cepa P.1<\/em><\/strong><\/p>\n<p style=\"text-align: justify;\">Dracena entra neste s\u00e1bado e domingo, no quarto lockdow estabelecido pelo decreto 7.393 de 17 de fevereiro de 2021, que segue valendo, com o estabelecimento da Fase Vermelha do Plano S\u00e3o Paulo e ainda o toque de recolher e a restri\u00e7\u00e3o quanto \u00e0 circula\u00e7\u00e3o de pessoas aos finais de semana.<\/p>\n<p style=\"text-align: justify;\">O toque de recolher foi iniciado na quinta-feira, dia 18 de fevereiro e o 1\u00b0 lockdow ocorreu no s\u00e1bado dia 20 de fevereiro seguido do domingo, 21, do m\u00eas passado.<\/p>\n<p style=\"text-align: justify;\">Se forem comparados os n\u00fameros de novos casos positivos de covid 19 no munic\u00edpio, desta semana em rela\u00e7\u00e3o \u00e0 semana anterior \u00e9 poss\u00edvel notar uma queda, seguida de um aumento no n\u00famero de pessoas que se curaram da doen\u00e7a. Por outro lado, o n\u00famero de \u00f3bitos vem subindo a cada dia.<\/p>\n<p style=\"text-align: justify;\">O quadro pode ser considerado positivo, por\u00e9m o alerta da administra\u00e7\u00e3o municipal, das autoridades em sa\u00fade, assim como do Minist\u00e9rio P\u00fablico \u00e9 para que a popula\u00e7\u00e3o mantenha todos os cuidados preventivos, n\u00e3o fa\u00e7a reuni\u00f5es festivas entre a fam\u00edlia, t\u00e3o pouco entre amigos, saia de casa apenas para o essencial.<\/p>\n<p style=\"text-align: justify;\">A m\u00e9dica coordenadora da UTI COVID 19 da Santa Casa local, Aline Damasceno acredita que as confirma\u00e7\u00f5es de casos positivos diminu\u00edram devido a menor circula\u00e7\u00e3o das pessoas. Segundo ela: &#8220;com o lockdow, a tend\u00eancia \u00e9 diminuir o n\u00famero de casos novos, contudo, o aumento da mortalidade se deve principalmente a presen\u00e7a da nova cepa (P.1), porque ela tem uma letalidade maior&#8221;.<\/p>\n<p style=\"text-align: justify;\">Dra. Aline prossegue explicando: &#8220;Estamos tendo casos muito mais graves, do que os anteriores, ent\u00e3o s\u00e3o duas situa\u00e7\u00f5es acontecendo ao mesmo tempo na cidade, da\u00ed a necessidade de conter realmente o n\u00famero de casos, porque teremos maior preval\u00eancia de casos graves&#8221;.<\/p>\n<p style=\"text-align: justify;\">Ela faz mais um alerta a popula\u00e7\u00e3o: &#8220;Evitem pegar a doen\u00e7a&#8221;.<\/p>\n<p style=\"text-align: justify;\">Por volta das 16h30 de hoje, 12, a enfermeira Marisa Ortiz, respons\u00e1vel pelo CEMAC informou que havia 10 pacientes na unidade (recebendo medica\u00e7\u00e3o); 6 pacientes no PAM, sendo 2 entubados e 4 j\u00e1 inscritos na CROSS (Central de Regula\u00e7\u00e3o de Ofertas de Servi\u00e7os de Sa\u00fade).<\/p>\n<p style=\"text-align: justify;\"><strong>CONFIRA ALGUNS N\u00daMEROS<\/strong><\/p>\n<p style=\"text-align: justify;\">DE 1\u00b0 A 9 DE FEVEREIRO FORAM 345 CASOS POSITIVOS COVID<\/p>\n<p style=\"text-align: justify;\">DE 1\u00b0 A 9 DE MAR\u00c7O FORAM 327 CASOS POSITIVOS COVID<\/p>\n<p style=\"text-align: justify;\"><strong>\u00d3BITOS<\/strong><\/p>\n<p style=\"text-align: justify;\">1\u00b0 A 9\/2- FORAM 5 MORTES<\/p>\n<p style=\"text-align: justify;\">1\u00b0 A 9\/03 &#8211; FORAM 20 MORTES<\/p>\n<p style=\"text-align: justify;\">300% DE AUMENTO<\/p>\n<p style=\"text-align: justify;\">Fonte: Diretoria de Comunica\u00e7\u00e3o<\/p>\n","protected":false},"excerpt":{"rendered":"<p>A m\u00e9dica coordenadora da UTI COVID 19 da Santa Casa local, Aline Damasceno acredita que as confirma\u00e7\u00f5es de casos positivos diminu\u00edram nos \u00faltimos dias, devido a menor circula\u00e7\u00e3o das pessoas, por\u00e9m o aumento de mortes deve-se a nova cepa P.1 Dracena entra neste s\u00e1bado e domingo, no quarto lockdow estabelecido pelo decreto 7.393 de 17 [&hellip;]<\/p>\n","protected":false},"author":1,"featured_media":44558,"comment_status":"closed","ping_status":"open","sticky":false,"template":"","format":"standard","meta":{"footnotes":""},"categories":[179,184,110,122],"tags":[],"class_list":["post-44557","post","type-post","status-publish","format-standard","has-post-thumbnail","hentry","category-cidadeseregiao","category-dracena","category-noticiasdestaque","category-saudeeducacaoeconcurso"],"_links":{"self":[{"href":"https:\/\/jorgezanoni.com.br\/2019\/wp-json\/wp\/v2\/posts\/44557","targetHints":{"allow":["GET"]}}],"collection":[{"href":"https:\/\/jorgezanoni.com.br\/2019\/wp-json\/wp\/v2\/posts"}],"about":[{"href":"https:\/\/jorgezanoni.com.br\/2019\/wp-json\/wp\/v2\/types\/post"}],"author":[{"embeddable":true,"href":"https:\/\/jorgezanoni.com.br\/2019\/wp-json\/wp\/v2\/users\/1"}],"replies":[{"embeddable":true,"href":"https:\/\/jorgezanoni.com.br\/2019\/wp-json\/wp\/v2\/comments?post=44557"}],"version-history":[{"count":0,"href":"https:\/\/jorgezanoni.com.br\/2019\/wp-json\/wp\/v2\/posts\/44557\/revisions"}],"wp:featuredmedia":[{"embeddable":true,"href":"https:\/\/jorgezanoni.com.br\/2019\/wp-json\/wp\/v2\/media\/44558"}],"wp:attachment":[{"href":"https:\/\/jorgezanoni.com.br\/2019\/wp-json\/wp\/v2\/media?parent=44557"}],"wp:term":[{"taxonomy":"category","embeddable":true,"href":"https:\/\/jorgezanoni.com.br\/2019\/wp-json\/wp\/v2\/categories?post=44557"},{"taxonomy":"post_tag","embeddable":true,"href":"https:\/\/jorgezanoni.com.br\/2019\/wp-json\/wp\/v2\/tags?post=44557"}],"curies":[{"name":"wp","href":"https:\/\/api.w.org\/{rel}","templated":true}]}}