{"id":44544,"date":"2021-03-12T22:25:51","date_gmt":"2021-03-12T22:25:51","guid":{"rendered":"https:\/\/jorgezanoni.com.br\/2019\/?p=44544"},"modified":"2021-03-12T22:25:51","modified_gmt":"2021-03-12T22:25:51","slug":"boletim-atualizado-da-covid-19-da-secretaria-municipal-de-saude-de-dracena-13","status":"publish","type":"post","link":"https:\/\/jorgezanoni.com.br\/2019\/boletim-atualizado-da-covid-19-da-secretaria-municipal-de-saude-de-dracena-13\/","title":{"rendered":"Boletim atualizado da COVID-19 da Secretaria Municipal de Sa\u00fade de Dracena"},"content":{"rendered":"<div class=\"kvgmc6g5 cxmmr5t8 oygrvhab hcukyx3x c1et5uql ii04i59q\">\n<div dir=\"auto\">BOLETIM EPIDEMIOL\u00d3GICO DE COVID 19<\/div>\n<div dir=\"auto\">SEXTA-FEIRA (12\/03)<\/div>\n<\/div>\n<div class=\"o9v6fnle cxmmr5t8 oygrvhab hcukyx3x c1et5uql ii04i59q\">\n<div dir=\"auto\">Suspeitos: 61<\/div>\n<div dir=\"auto\">Suspeitos Domiciliar: 60<\/div>\n<div dir=\"auto\">Suspeito Hospitalar: 1<\/div>\n<\/div>\n<div class=\"o9v6fnle cxmmr5t8 oygrvhab hcukyx3x c1et5uql ii04i59q\">\n<div dir=\"auto\">Confirmados: 3.620<\/div>\n<div dir=\"auto\">Curados: 2.768<\/div>\n<div dir=\"auto\">Isolamento domiciliar: 709<\/div>\n<div dir=\"auto\">Tratamento Hospitalar: 26<\/div>\n<div dir=\"auto\">\u00d3bitos: 117<\/div>\n<div dir=\"auto\"><\/div>\n<\/div>\n<div class=\"o9v6fnle cxmmr5t8 oygrvhab hcukyx3x c1et5uql ii04i59q\">\n<div dir=\"auto\">ALERTA:\u00a0<span class=\"pq6dq46d tbxw36s4 knj5qynh kvgmc6g5 ditlmg2l oygrvhab nvdbi5me sf5mxxl7 gl3lb2sf hhz5lgdu\"><br \/>\n<\/span><\/div>\n<div dir=\"auto\">Nas \u00faltimas 24 horas, foram confirmados 23 casos novos de covid.<\/div>\n<div dir=\"auto\">Quanto ao n\u00famero de curados nas \u00faltimas 24 horas foi de 46.<\/div>\n<\/div>\n","protected":false},"excerpt":{"rendered":"<p>BOLETIM EPIDEMIOL\u00d3GICO DE COVID 19 SEXTA-FEIRA (12\/03) Suspeitos: 61 Suspeitos Domiciliar: 60 Suspeito Hospitalar: 1 Confirmados: 3.620 Curados: 2.768 Isolamento domiciliar: 709 Tratamento Hospitalar: 26 \u00d3bitos: 117 ALERTA:\u00a0 Nas \u00faltimas 24 horas, foram confirmados 23 casos novos de covid. Quanto ao n\u00famero de curados nas \u00faltimas 24 horas foi de 46.<\/p>\n","protected":false},"author":1,"featured_media":44545,"comment_status":"closed","ping_status":"open","sticky":false,"template":"","format":"standard","meta":{"footnotes":""},"categories":[179,184,110],"tags":[],"class_list":["post-44544","post","type-post","status-publish","format-standard","has-post-thumbnail","hentry","category-cidadeseregiao","category-dracena","category-noticiasdestaque"],"_links":{"self":[{"href":"https:\/\/jorgezanoni.com.br\/2019\/wp-json\/wp\/v2\/posts\/44544","targetHints":{"allow":["GET"]}}],"collection":[{"href":"https:\/\/jorgezanoni.com.br\/2019\/wp-json\/wp\/v2\/posts"}],"about":[{"href":"https:\/\/jorgezanoni.com.br\/2019\/wp-json\/wp\/v2\/types\/post"}],"author":[{"embeddable":true,"href":"https:\/\/jorgezanoni.com.br\/2019\/wp-json\/wp\/v2\/users\/1"}],"replies":[{"embeddable":true,"href":"https:\/\/jorgezanoni.com.br\/2019\/wp-json\/wp\/v2\/comments?post=44544"}],"version-history":[{"count":0,"href":"https:\/\/jorgezanoni.com.br\/2019\/wp-json\/wp\/v2\/posts\/44544\/revisions"}],"wp:featuredmedia":[{"embeddable":true,"href":"https:\/\/jorgezanoni.com.br\/2019\/wp-json\/wp\/v2\/media\/44545"}],"wp:attachment":[{"href":"https:\/\/jorgezanoni.com.br\/2019\/wp-json\/wp\/v2\/media?parent=44544"}],"wp:term":[{"taxonomy":"category","embeddable":true,"href":"https:\/\/jorgezanoni.com.br\/2019\/wp-json\/wp\/v2\/categories?post=44544"},{"taxonomy":"post_tag","embeddable":true,"href":"https:\/\/jorgezanoni.com.br\/2019\/wp-json\/wp\/v2\/tags?post=44544"}],"curies":[{"name":"wp","href":"https:\/\/api.w.org\/{rel}","templated":true}]}}