{"id":44507,"date":"2021-03-12T11:47:18","date_gmt":"2021-03-12T11:47:18","guid":{"rendered":"https:\/\/jorgezanoni.com.br\/2019\/?p=44507"},"modified":"2021-03-12T12:05:24","modified_gmt":"2021-03-12T12:05:24","slug":"policia-militar-recolhe-mulher-que-estava-desorientada-em-propriedade-rural-e-esta-em-busca-dos-familiares","status":"publish","type":"post","link":"https:\/\/jorgezanoni.com.br\/2019\/policia-militar-recolhe-mulher-que-estava-desorientada-em-propriedade-rural-e-esta-em-busca-dos-familiares\/","title":{"rendered":"Pol\u00edcia Militar recolhe mulher que estava desorientada em propriedade rural e est\u00e1 em busca dos familiares"},"content":{"rendered":"<p style=\"text-align: justify;\">Na noite de ontem (12), a Pol\u00edcia Militar compareceu em uma propriedade rural pr\u00f3xima ao Distrito de Jamaica onde uma mulher se encontrava desorientada e ningu\u00e9m a conhecia pelas redondezas.<\/p>\n<p style=\"text-align: justify;\">Ela foi recolhida no Albergue Noturno de Dracena, agora est\u00e1 aos cuidados da Assist\u00eancia Social do munic\u00edpio. Diz se chamar Juliete ou Juliene (mais prov\u00e1vel Juliane), mas n\u00e3o \u00e9 certeza, n\u00e3o sabe onde mora, enfim precisa de ajuda.<\/p>\n<p style=\"text-align: justify;\">Diz tamb\u00e9m que tem uma parente pr\u00f3xima chamada Elza que seria sua tia, e que mora na Cochoeirinha 2, por\u00e9m n\u00e3o se sabe se \u00e9 bairro, algum sitio, tudo muito confuso. Foi vista caminhando na Rodovia General Euclides de Oliveira pr\u00f3ximo ao Bairro Muriyama em Monte Castelo.<\/p>\n<p style=\"text-align: justify;\">Quem conhecer algum familiar dessa senhora, deve entrar em contato com a Pol\u00edcia Militar atrav\u00e9s do 190 e passar informa\u00e7\u00f5es.<\/p>\n<p><img loading=\"lazy\" decoding=\"async\" class=\"alignnone size-full wp-image-44509\" src=\"https:\/\/jorgezanoni.com.br\/2019\/wp-content\/uploads\/2021\/03\/mulher-2.jpg\" alt=\"\" width=\"542\" height=\"1061\" srcset=\"https:\/\/jorgezanoni.com.br\/2019\/wp-content\/uploads\/2021\/03\/mulher-2.jpg 542w, https:\/\/jorgezanoni.com.br\/2019\/wp-content\/uploads\/2021\/03\/mulher-2-153x300.jpg 153w, https:\/\/jorgezanoni.com.br\/2019\/wp-content\/uploads\/2021\/03\/mulher-2-523x1024.jpg 523w, https:\/\/jorgezanoni.com.br\/2019\/wp-content\/uploads\/2021\/03\/mulher-2-215x420.jpg 215w\" sizes=\"auto, (max-width: 542px) 100vw, 542px\" \/><\/p>\n<p>Fonte: Com. Social Pol\u00edcia Militar<\/p>\n<p>&nbsp;<\/p>\n","protected":false},"excerpt":{"rendered":"<p>Na noite de ontem (12), a Pol\u00edcia Militar compareceu em uma propriedade rural pr\u00f3xima ao Distrito de Jamaica onde uma mulher se encontrava desorientada e ningu\u00e9m a conhecia pelas redondezas. Ela foi recolhida no Albergue Noturno de Dracena, agora est\u00e1 aos cuidados da Assist\u00eancia Social do munic\u00edpio. Diz se chamar Juliete ou Juliene (mais prov\u00e1vel [&hellip;]<\/p>\n","protected":false},"author":1,"featured_media":44510,"comment_status":"closed","ping_status":"open","sticky":false,"template":"","format":"standard","meta":{"footnotes":""},"categories":[110,2],"tags":[],"class_list":["post-44507","post","type-post","status-publish","format-standard","has-post-thumbnail","hentry","category-noticiasdestaque","category-policial"],"_links":{"self":[{"href":"https:\/\/jorgezanoni.com.br\/2019\/wp-json\/wp\/v2\/posts\/44507","targetHints":{"allow":["GET"]}}],"collection":[{"href":"https:\/\/jorgezanoni.com.br\/2019\/wp-json\/wp\/v2\/posts"}],"about":[{"href":"https:\/\/jorgezanoni.com.br\/2019\/wp-json\/wp\/v2\/types\/post"}],"author":[{"embeddable":true,"href":"https:\/\/jorgezanoni.com.br\/2019\/wp-json\/wp\/v2\/users\/1"}],"replies":[{"embeddable":true,"href":"https:\/\/jorgezanoni.com.br\/2019\/wp-json\/wp\/v2\/comments?post=44507"}],"version-history":[{"count":0,"href":"https:\/\/jorgezanoni.com.br\/2019\/wp-json\/wp\/v2\/posts\/44507\/revisions"}],"wp:featuredmedia":[{"embeddable":true,"href":"https:\/\/jorgezanoni.com.br\/2019\/wp-json\/wp\/v2\/media\/44510"}],"wp:attachment":[{"href":"https:\/\/jorgezanoni.com.br\/2019\/wp-json\/wp\/v2\/media?parent=44507"}],"wp:term":[{"taxonomy":"category","embeddable":true,"href":"https:\/\/jorgezanoni.com.br\/2019\/wp-json\/wp\/v2\/categories?post=44507"},{"taxonomy":"post_tag","embeddable":true,"href":"https:\/\/jorgezanoni.com.br\/2019\/wp-json\/wp\/v2\/tags?post=44507"}],"curies":[{"name":"wp","href":"https:\/\/api.w.org\/{rel}","templated":true}]}}