{"id":44504,"date":"2021-03-11T23:55:38","date_gmt":"2021-03-11T23:55:38","guid":{"rendered":"https:\/\/jorgezanoni.com.br\/2019\/?p=44504"},"modified":"2021-03-11T23:55:38","modified_gmt":"2021-03-11T23:55:38","slug":"caixa-federal-de-dracena-estara-fechada-amanha-no-periodo-da-manha","status":"publish","type":"post","link":"https:\/\/jorgezanoni.com.br\/2019\/caixa-federal-de-dracena-estara-fechada-amanha-no-periodo-da-manha\/","title":{"rendered":"Caixa Federal de Dracena estar\u00e1 fechada amanh\u00e3 no per\u00edodo da manh\u00e3"},"content":{"rendered":"<p style=\"text-align: justify;\"><strong>Comunicado da Caixa Federal:<\/strong><\/p>\n<p style=\"text-align: justify;\">A caixa econ\u00f4mica federal , ag\u00eancia de Dracena, comunica que na manh\u00e3 desta sexta-feira (12), <strong>N\u00c3O<\/strong> haver\u00e1 atendimento ao p\u00fablico. O Local estar\u00e1 passando por higieniza\u00e7\u00e3o, ap\u00f3s constata\u00e7\u00e3o de contamina\u00e7\u00e3o de COVID-19 em um dos seus colaboradores.<\/p>\n<p style=\"text-align: justify;\">Os Caixas Eletr\u00f4nicos funcionar\u00e3o normalmente, por\u00e9m haver\u00e1 momentos de interrup\u00e7\u00e3o para tamb\u00e9m serem executados os servi\u00e7os de higiene. O expediente, ser\u00e1 retomado na parte da tarde .<\/p>\n<p style=\"text-align: justify;\">A caixa agradece a sua compreens\u00e3o<\/p>\n<p>Imagem Arquivo<\/p>\n<p style=\"text-align: justify;\">\n","protected":false},"excerpt":{"rendered":"<p>Comunicado da Caixa Federal: A caixa econ\u00f4mica federal , ag\u00eancia de Dracena, comunica que na manh\u00e3 desta sexta-feira (12), N\u00c3O haver\u00e1 atendimento ao p\u00fablico. O Local estar\u00e1 passando por higieniza\u00e7\u00e3o, ap\u00f3s constata\u00e7\u00e3o de contamina\u00e7\u00e3o de COVID-19 em um dos seus colaboradores. Os Caixas Eletr\u00f4nicos funcionar\u00e3o normalmente, por\u00e9m haver\u00e1 momentos de interrup\u00e7\u00e3o para tamb\u00e9m serem executados [&hellip;]<\/p>\n","protected":false},"author":1,"featured_media":44505,"comment_status":"closed","ping_status":"open","sticky":false,"template":"","format":"standard","meta":{"footnotes":""},"categories":[179,184,110],"tags":[],"class_list":["post-44504","post","type-post","status-publish","format-standard","has-post-thumbnail","hentry","category-cidadeseregiao","category-dracena","category-noticiasdestaque"],"_links":{"self":[{"href":"https:\/\/jorgezanoni.com.br\/2019\/wp-json\/wp\/v2\/posts\/44504","targetHints":{"allow":["GET"]}}],"collection":[{"href":"https:\/\/jorgezanoni.com.br\/2019\/wp-json\/wp\/v2\/posts"}],"about":[{"href":"https:\/\/jorgezanoni.com.br\/2019\/wp-json\/wp\/v2\/types\/post"}],"author":[{"embeddable":true,"href":"https:\/\/jorgezanoni.com.br\/2019\/wp-json\/wp\/v2\/users\/1"}],"replies":[{"embeddable":true,"href":"https:\/\/jorgezanoni.com.br\/2019\/wp-json\/wp\/v2\/comments?post=44504"}],"version-history":[{"count":0,"href":"https:\/\/jorgezanoni.com.br\/2019\/wp-json\/wp\/v2\/posts\/44504\/revisions"}],"wp:featuredmedia":[{"embeddable":true,"href":"https:\/\/jorgezanoni.com.br\/2019\/wp-json\/wp\/v2\/media\/44505"}],"wp:attachment":[{"href":"https:\/\/jorgezanoni.com.br\/2019\/wp-json\/wp\/v2\/media?parent=44504"}],"wp:term":[{"taxonomy":"category","embeddable":true,"href":"https:\/\/jorgezanoni.com.br\/2019\/wp-json\/wp\/v2\/categories?post=44504"},{"taxonomy":"post_tag","embeddable":true,"href":"https:\/\/jorgezanoni.com.br\/2019\/wp-json\/wp\/v2\/tags?post=44504"}],"curies":[{"name":"wp","href":"https:\/\/api.w.org\/{rel}","templated":true}]}}