{"id":44495,"date":"2021-03-11T23:05:52","date_gmt":"2021-03-11T23:05:52","guid":{"rendered":"https:\/\/jorgezanoni.com.br\/2019\/?p=44495"},"modified":"2021-03-11T23:07:54","modified_gmt":"2021-03-11T23:07:54","slug":"empresario-amarildo-rugani-da-vidrosul-venceu-a-covid-19","status":"publish","type":"post","link":"https:\/\/jorgezanoni.com.br\/2019\/empresario-amarildo-rugani-da-vidrosul-venceu-a-covid-19\/","title":{"rendered":"Empres\u00e1rio Amarildo Rugani da Vidrosul, venceu a COVID-19"},"content":{"rendered":"<p style=\"text-align: justify;\">O empres\u00e1rio dracenense Amarildo das Neves Rugani da Vidrosul, teve alta hospitalar hoje (11), ap\u00f3s ficar 33 dias internado. Esteve em Dracena, foi transferido para Presidente Prudente e ap\u00f3s para S\u00e3o Paulo. Ele teve complica\u00e7\u00f5es da COVID-19. A boa noticia \u00e9 que nesta quinta foi liberado pelos m\u00e9dicos. Uma momento de felicidade da fam\u00edlia, funcion\u00e1rios e amigos.<\/p>\n<p>Jorge Zanoni<\/p>\n<p>Foto cedida<\/p>\n<p>&nbsp;<\/p>\n","protected":false},"excerpt":{"rendered":"<p>O empres\u00e1rio dracenense Amarildo das Neves Rugani da Vidrosul, teve alta hospitalar hoje (11), ap\u00f3s ficar 33 dias internado. Esteve em Dracena, foi transferido para Presidente Prudente e ap\u00f3s para S\u00e3o Paulo. Ele teve complica\u00e7\u00f5es da COVID-19. A boa noticia \u00e9 que nesta quinta foi liberado pelos m\u00e9dicos. Uma momento de felicidade da fam\u00edlia, funcion\u00e1rios [&hellip;]<\/p>\n","protected":false},"author":1,"featured_media":44496,"comment_status":"closed","ping_status":"open","sticky":false,"template":"","format":"standard","meta":{"footnotes":""},"categories":[110,122],"tags":[],"class_list":["post-44495","post","type-post","status-publish","format-standard","has-post-thumbnail","hentry","category-noticiasdestaque","category-saudeeducacaoeconcurso"],"_links":{"self":[{"href":"https:\/\/jorgezanoni.com.br\/2019\/wp-json\/wp\/v2\/posts\/44495","targetHints":{"allow":["GET"]}}],"collection":[{"href":"https:\/\/jorgezanoni.com.br\/2019\/wp-json\/wp\/v2\/posts"}],"about":[{"href":"https:\/\/jorgezanoni.com.br\/2019\/wp-json\/wp\/v2\/types\/post"}],"author":[{"embeddable":true,"href":"https:\/\/jorgezanoni.com.br\/2019\/wp-json\/wp\/v2\/users\/1"}],"replies":[{"embeddable":true,"href":"https:\/\/jorgezanoni.com.br\/2019\/wp-json\/wp\/v2\/comments?post=44495"}],"version-history":[{"count":0,"href":"https:\/\/jorgezanoni.com.br\/2019\/wp-json\/wp\/v2\/posts\/44495\/revisions"}],"wp:featuredmedia":[{"embeddable":true,"href":"https:\/\/jorgezanoni.com.br\/2019\/wp-json\/wp\/v2\/media\/44496"}],"wp:attachment":[{"href":"https:\/\/jorgezanoni.com.br\/2019\/wp-json\/wp\/v2\/media?parent=44495"}],"wp:term":[{"taxonomy":"category","embeddable":true,"href":"https:\/\/jorgezanoni.com.br\/2019\/wp-json\/wp\/v2\/categories?post=44495"},{"taxonomy":"post_tag","embeddable":true,"href":"https:\/\/jorgezanoni.com.br\/2019\/wp-json\/wp\/v2\/tags?post=44495"}],"curies":[{"name":"wp","href":"https:\/\/api.w.org\/{rel}","templated":true}]}}