{"id":44484,"date":"2021-03-11T19:16:24","date_gmt":"2021-03-11T19:16:24","guid":{"rendered":"https:\/\/jorgezanoni.com.br\/2019\/?p=44484"},"modified":"2021-03-11T19:18:19","modified_gmt":"2021-03-11T19:18:19","slug":"o-que-dizer-para-uma-familia-enlutada","status":"publish","type":"post","link":"https:\/\/jorgezanoni.com.br\/2019\/o-que-dizer-para-uma-familia-enlutada\/","title":{"rendered":"O que dizer para uma fam\u00edlia enlutada"},"content":{"rendered":"<p style=\"text-align: justify;\"><strong>O que dizer para uma fam\u00edlia enlutada.<\/strong><\/p>\n<p style=\"text-align: justify;\">\u00a0A perda de um ente querido \u00e9 um momento de vazio, sendo natural que ocorra um choque inicial, que pode se prolongar por horas ou at\u00e9 mesmo por v\u00e1rios dias e meses. \u00c9 uma not\u00edcia que nunca queremos ouvir, mas que com certeza todo mundo j\u00e1 passou por isso.<\/p>\n<p style=\"text-align: justify;\">Os piores momentos s\u00e3o quando alguns membros das fam\u00edlias enlutadas podem demonstrar sentimentos que \u00e0s vezes, s\u00e3o confundidos com frieza ou indiferen\u00e7a. Isso porque perante o choque, cada um reage de uma forma diferente, merecendo sempre respeito e considera\u00e7\u00e3o. Por isso a solidariedade de amigos e parentes na hora do luto s\u00e3o de extrema import\u00e2ncia.<\/p>\n<p style=\"text-align: justify;\">O que podemos falar nesse momento? O que voc\u00ea pode fazer e falar.<\/p>\n<p style=\"text-align: justify;\">Mandar mensagens de imediato.<\/p>\n<p style=\"text-align: justify;\">Combinar hor\u00e1rio para visita e para liga\u00e7\u00f5es.<\/p>\n<p style=\"text-align: justify;\">\u201cSinto muito pela sua perda\u201d, seguido por um coment\u00e1rio positivo sobre o falecido, deve ser um momento muito dif\u00edcil para voc\u00ea, mas voc\u00ea n\u00e3o est\u00e1 sozinho. Sinto muito pelo seu sofrimento.<\/p>\n<p style=\"text-align: justify;\">Se o enlutado estiver chorando, diga para ele chorar e chorar muito, porque o choro faz parte do processo do luto.<\/p>\n<p style=\"text-align: justify;\">Eu posso imaginar o que voc\u00ea est\u00e1 sentindo, passei por uma situa\u00e7\u00e3o de perda e posso imaginar o seu sofrimento.<\/p>\n<p style=\"text-align: justify;\">Era uma pessoa muito querida.<\/p>\n<p style=\"text-align: justify;\">Fazer um coment\u00e1rio lembrando alguma passagem positiva. Isso ajuda muito as fam\u00edlias enlutadas a dividir a mem\u00f3ria de seu ente querido, mesmo que voc\u00ea n\u00e3o fa\u00e7a parte do c\u00edrculo mais \u00edntimo da fam\u00edlia. Ao comentar algo que vivenciou positivamente ou mesmo uma passagem engra\u00e7ada com aquele que partiu, voc\u00ea fornece um consolo ao enlutado;<\/p>\n<p style=\"text-align: justify;\">Estou aqui a sua disposi\u00e7\u00e3o em que posso te ajudar? \u00a0Lembre-se o sil\u00eancio tamb\u00e9m fala. Fala e muito! O sil\u00eancio pode falar mesmo quando as palavras falham.<\/p>\n<p style=\"text-align: justify;\">Lembre-se\u00a0 que s\u00f3 a sua presen\u00e7a j\u00e1 \u00e9 muito importante<\/p>\n<p style=\"text-align: justify;\"><img loading=\"lazy\" decoding=\"async\" class=\"alignnone size-full wp-image-44485\" src=\"https:\/\/jorgezanoni.com.br\/2019\/wp-content\/uploads\/2021\/03\/Cidinha-1-2.jpg\" alt=\"\" width=\"612\" height=\"1136\" srcset=\"https:\/\/jorgezanoni.com.br\/2019\/wp-content\/uploads\/2021\/03\/Cidinha-1-2.jpg 612w, https:\/\/jorgezanoni.com.br\/2019\/wp-content\/uploads\/2021\/03\/Cidinha-1-2-162x300.jpg 162w, https:\/\/jorgezanoni.com.br\/2019\/wp-content\/uploads\/2021\/03\/Cidinha-1-2-552x1024.jpg 552w, https:\/\/jorgezanoni.com.br\/2019\/wp-content\/uploads\/2021\/03\/Cidinha-1-2-226x420.jpg 226w\" sizes=\"auto, (max-width: 612px) 100vw, 612px\" \/><\/p>\n<p style=\"text-align: justify;\">Cidinha Pascoaloto \u2013 Psic\u00f3loga -CRP 06\/158174 Terapia cognitivo Comportamental (TCC)Atendimento on-line, contato: (18) 99725-6418<\/p>\n","protected":false},"excerpt":{"rendered":"<p>O que dizer para uma fam\u00edlia enlutada. \u00a0A perda de um ente querido \u00e9 um momento de vazio, sendo natural que ocorra um choque inicial, que pode se prolongar por horas ou at\u00e9 mesmo por v\u00e1rios dias e meses. \u00c9 uma not\u00edcia que nunca queremos ouvir, mas que com certeza todo mundo j\u00e1 passou por [&hellip;]<\/p>\n","protected":false},"author":1,"featured_media":44486,"comment_status":"closed","ping_status":"open","sticky":false,"template":"","format":"standard","meta":{"footnotes":""},"categories":[175],"tags":[],"class_list":["post-44484","post","type-post","status-publish","format-standard","has-post-thumbnail","hentry","category-artigos"],"_links":{"self":[{"href":"https:\/\/jorgezanoni.com.br\/2019\/wp-json\/wp\/v2\/posts\/44484","targetHints":{"allow":["GET"]}}],"collection":[{"href":"https:\/\/jorgezanoni.com.br\/2019\/wp-json\/wp\/v2\/posts"}],"about":[{"href":"https:\/\/jorgezanoni.com.br\/2019\/wp-json\/wp\/v2\/types\/post"}],"author":[{"embeddable":true,"href":"https:\/\/jorgezanoni.com.br\/2019\/wp-json\/wp\/v2\/users\/1"}],"replies":[{"embeddable":true,"href":"https:\/\/jorgezanoni.com.br\/2019\/wp-json\/wp\/v2\/comments?post=44484"}],"version-history":[{"count":0,"href":"https:\/\/jorgezanoni.com.br\/2019\/wp-json\/wp\/v2\/posts\/44484\/revisions"}],"wp:featuredmedia":[{"embeddable":true,"href":"https:\/\/jorgezanoni.com.br\/2019\/wp-json\/wp\/v2\/media\/44486"}],"wp:attachment":[{"href":"https:\/\/jorgezanoni.com.br\/2019\/wp-json\/wp\/v2\/media?parent=44484"}],"wp:term":[{"taxonomy":"category","embeddable":true,"href":"https:\/\/jorgezanoni.com.br\/2019\/wp-json\/wp\/v2\/categories?post=44484"},{"taxonomy":"post_tag","embeddable":true,"href":"https:\/\/jorgezanoni.com.br\/2019\/wp-json\/wp\/v2\/tags?post=44484"}],"curies":[{"name":"wp","href":"https:\/\/api.w.org\/{rel}","templated":true}]}}