{"id":44461,"date":"2021-03-11T15:56:49","date_gmt":"2021-03-11T15:56:49","guid":{"rendered":"https:\/\/jorgezanoni.com.br\/2019\/?p=44461"},"modified":"2021-03-11T16:01:37","modified_gmt":"2021-03-11T16:01:37","slug":"morre-o-advogado-jose-vialle-antigo-morador-de-dracena","status":"publish","type":"post","link":"https:\/\/jorgezanoni.com.br\/2019\/morre-o-advogado-jose-vialle-antigo-morador-de-dracena\/","title":{"rendered":"Morre o advogado Jos\u00e9 Vialle, antigo morador de Dracena"},"content":{"rendered":"<p style=\"text-align: justify;\">Comunicamos com pesar o falecimento do advogado Jos\u00e9 Vialle, que tinha 74 anos e passou por cirurgia por causa de c\u00e2ncer em Presidente Prudente. Vialle foi advogado da C\u00e2mara Municipal e Sindicato dos Servidores de Dracena por muitos anos. Tamb\u00e9m atuou em outras C\u00e2maras. Foi no r\u00e1dio que tornou-se bastante conhecido nas d\u00e9cadas de 1960 e 1970 em Dracena. Come\u00e7ou na R\u00e1dio 9 de Julho de S\u00e3o Paulo e passou pela R\u00e1dio Brasil de Adamantina. Em Dracena, atuou nas R\u00e1dios Brasil e Nova Dracena, onde apresentou programas musicais e fez coment\u00e1rios pol\u00edticos na \u00e9poca. Cursou Direito em Tup\u00e3 e teve longa carreira como advogado. Deixa a esposa Darilene e filha Maria Ang\u00e9lica. \u00c9 cunhado do vereador J\u00falio Monteiro. O vel\u00f3rio ocorrer\u00e1 no per\u00edodo noturno e amanh\u00e3 o sepultamento ser\u00e1 \u00e0s 10 horas desta sexta-feira.<\/p>\n<p>Fonte: Bastidores da Not\u00edcia<\/p>\n","protected":false},"excerpt":{"rendered":"<p>Comunicamos com pesar o falecimento do advogado Jos\u00e9 Vialle, que tinha 74 anos e passou por cirurgia por causa de c\u00e2ncer em Presidente Prudente. Vialle foi advogado da C\u00e2mara Municipal e Sindicato dos Servidores de Dracena por muitos anos. Tamb\u00e9m atuou em outras C\u00e2maras. Foi no r\u00e1dio que tornou-se bastante conhecido nas d\u00e9cadas de 1960 [&hellip;]<\/p>\n","protected":false},"author":1,"featured_media":44462,"comment_status":"closed","ping_status":"open","sticky":false,"template":"","format":"standard","meta":{"footnotes":""},"categories":[178,110],"tags":[],"class_list":["post-44461","post","type-post","status-publish","format-standard","has-post-thumbnail","hentry","category-notadefalecimento","category-noticiasdestaque"],"_links":{"self":[{"href":"https:\/\/jorgezanoni.com.br\/2019\/wp-json\/wp\/v2\/posts\/44461","targetHints":{"allow":["GET"]}}],"collection":[{"href":"https:\/\/jorgezanoni.com.br\/2019\/wp-json\/wp\/v2\/posts"}],"about":[{"href":"https:\/\/jorgezanoni.com.br\/2019\/wp-json\/wp\/v2\/types\/post"}],"author":[{"embeddable":true,"href":"https:\/\/jorgezanoni.com.br\/2019\/wp-json\/wp\/v2\/users\/1"}],"replies":[{"embeddable":true,"href":"https:\/\/jorgezanoni.com.br\/2019\/wp-json\/wp\/v2\/comments?post=44461"}],"version-history":[{"count":0,"href":"https:\/\/jorgezanoni.com.br\/2019\/wp-json\/wp\/v2\/posts\/44461\/revisions"}],"wp:featuredmedia":[{"embeddable":true,"href":"https:\/\/jorgezanoni.com.br\/2019\/wp-json\/wp\/v2\/media\/44462"}],"wp:attachment":[{"href":"https:\/\/jorgezanoni.com.br\/2019\/wp-json\/wp\/v2\/media?parent=44461"}],"wp:term":[{"taxonomy":"category","embeddable":true,"href":"https:\/\/jorgezanoni.com.br\/2019\/wp-json\/wp\/v2\/categories?post=44461"},{"taxonomy":"post_tag","embeddable":true,"href":"https:\/\/jorgezanoni.com.br\/2019\/wp-json\/wp\/v2\/tags?post=44461"}],"curies":[{"name":"wp","href":"https:\/\/api.w.org\/{rel}","templated":true}]}}