{"id":44425,"date":"2021-03-10T23:53:46","date_gmt":"2021-03-10T23:53:46","guid":{"rendered":"https:\/\/jorgezanoni.com.br\/2019\/?p=44425"},"modified":"2021-03-11T00:03:08","modified_gmt":"2021-03-11T00:03:08","slug":"boletim-atualizado-da-covid-19-da-secretaria-municipal-de-saude-de-dracena-12","status":"publish","type":"post","link":"https:\/\/jorgezanoni.com.br\/2019\/boletim-atualizado-da-covid-19-da-secretaria-municipal-de-saude-de-dracena-12\/","title":{"rendered":"Boletim atualizado da COVID-19 da Secretaria Municipal de Sa\u00fade de Dracena 10\/03\/21"},"content":{"rendered":"<div class=\"kvgmc6g5 cxmmr5t8 oygrvhab hcukyx3x c1et5uql ii04i59q\">\n<div dir=\"auto\" style=\"text-align: justify;\">BOLETIM EPIDEMIOL\u00d3GICO DE COVID 19<\/div>\n<div dir=\"auto\" style=\"text-align: justify;\">Quarta-feira (10\/03)<\/div>\n<\/div>\n<div class=\"o9v6fnle cxmmr5t8 oygrvhab hcukyx3x c1et5uql ii04i59q\" style=\"text-align: justify;\">\n<div dir=\"auto\">Suspeitos: 20<\/div>\n<div dir=\"auto\">Suspeitos Domiciliar: 20<\/div>\n<div dir=\"auto\">Suspeitos Hospitalar: 0<\/div>\n<\/div>\n<div class=\"o9v6fnle cxmmr5t8 oygrvhab hcukyx3x c1et5uql ii04i59q\" style=\"text-align: justify;\">\n<div dir=\"auto\">Confirmados: 3.580<\/div>\n<div dir=\"auto\">Curados: 2.622<\/div>\n<div dir=\"auto\">Isolamento domiciliar: 821<\/div>\n<div dir=\"auto\">Tratamento Hospitalar: 31<\/div>\n<div dir=\"auto\">\u00d3bitos: 106<\/div>\n<\/div>\n<div class=\"o9v6fnle cxmmr5t8 oygrvhab hcukyx3x c1et5uql ii04i59q\" style=\"text-align: justify;\">\n<div dir=\"auto\">ALERTA <span class=\"pq6dq46d tbxw36s4 knj5qynh kvgmc6g5 ditlmg2l oygrvhab nvdbi5me sf5mxxl7 gl3lb2sf hhz5lgdu\"><img loading=\"lazy\" decoding=\"async\" src=\"https:\/\/static.xx.fbcdn.net\/images\/emoji.php\/v9\/t4f\/1\/16\/1f447.png\" alt=\"\ud83d\udc47\" width=\"16\" height=\"16\" \/>Nas \u00faltimas 24 horas, foram confirmados mais 40 casos de covid na cidade.<\/span><\/div>\n<\/div>\n<div class=\"o9v6fnle cxmmr5t8 oygrvhab hcukyx3x c1et5uql ii04i59q\" style=\"text-align: justify;\">\n<div dir=\"auto\">Nas \u00faltimas 24 horas, o n\u00famero de pacientes curados \u00e9 de 10.<\/div>\n<\/div>\n<div class=\"o9v6fnle cxmmr5t8 oygrvhab hcukyx3x c1et5uql ii04i59q\" style=\"text-align: justify;\">\n<div dir=\"auto\">Chamamos aten\u00e7\u00e3o para o n\u00famero de MORTES que est\u00e1 AUMENTANDO.<\/div>\n<\/div>\n<div class=\"o9v6fnle cxmmr5t8 oygrvhab hcukyx3x c1et5uql ii04i59q\">\n<div dir=\"auto\" style=\"text-align: justify;\">Ent\u00e3o previna-se e a quem voc\u00ea ama tamb\u00e9m! N\u00e3o aglomere, higienize as m\u00e3os e use m\u00e1scara!!!<\/div>\n<\/div>\n","protected":false},"excerpt":{"rendered":"<p>BOLETIM EPIDEMIOL\u00d3GICO DE COVID 19 Quarta-feira (10\/03) Suspeitos: 20 Suspeitos Domiciliar: 20 Suspeitos Hospitalar: 0 Confirmados: 3.580 Curados: 2.622 Isolamento domiciliar: 821 Tratamento Hospitalar: 31 \u00d3bitos: 106 ALERTA Nas \u00faltimas 24 horas, foram confirmados mais 40 casos de covid na cidade. Nas \u00faltimas 24 horas, o n\u00famero de pacientes curados \u00e9 de 10. Chamamos aten\u00e7\u00e3o [&hellip;]<\/p>\n","protected":false},"author":1,"featured_media":44426,"comment_status":"closed","ping_status":"open","sticky":false,"template":"","format":"standard","meta":{"footnotes":""},"categories":[179,184,110],"tags":[],"class_list":["post-44425","post","type-post","status-publish","format-standard","has-post-thumbnail","hentry","category-cidadeseregiao","category-dracena","category-noticiasdestaque"],"_links":{"self":[{"href":"https:\/\/jorgezanoni.com.br\/2019\/wp-json\/wp\/v2\/posts\/44425","targetHints":{"allow":["GET"]}}],"collection":[{"href":"https:\/\/jorgezanoni.com.br\/2019\/wp-json\/wp\/v2\/posts"}],"about":[{"href":"https:\/\/jorgezanoni.com.br\/2019\/wp-json\/wp\/v2\/types\/post"}],"author":[{"embeddable":true,"href":"https:\/\/jorgezanoni.com.br\/2019\/wp-json\/wp\/v2\/users\/1"}],"replies":[{"embeddable":true,"href":"https:\/\/jorgezanoni.com.br\/2019\/wp-json\/wp\/v2\/comments?post=44425"}],"version-history":[{"count":0,"href":"https:\/\/jorgezanoni.com.br\/2019\/wp-json\/wp\/v2\/posts\/44425\/revisions"}],"wp:featuredmedia":[{"embeddable":true,"href":"https:\/\/jorgezanoni.com.br\/2019\/wp-json\/wp\/v2\/media\/44426"}],"wp:attachment":[{"href":"https:\/\/jorgezanoni.com.br\/2019\/wp-json\/wp\/v2\/media?parent=44425"}],"wp:term":[{"taxonomy":"category","embeddable":true,"href":"https:\/\/jorgezanoni.com.br\/2019\/wp-json\/wp\/v2\/categories?post=44425"},{"taxonomy":"post_tag","embeddable":true,"href":"https:\/\/jorgezanoni.com.br\/2019\/wp-json\/wp\/v2\/tags?post=44425"}],"curies":[{"name":"wp","href":"https:\/\/api.w.org\/{rel}","templated":true}]}}