{"id":44414,"date":"2021-03-10T22:49:16","date_gmt":"2021-03-10T22:49:16","guid":{"rendered":"https:\/\/jorgezanoni.com.br\/2019\/?p=44414"},"modified":"2021-03-10T22:49:16","modified_gmt":"2021-03-10T22:49:16","slug":"unifadra-realiza-colacao-de-grau-on-line-de-formandos-de-enfermagem","status":"publish","type":"post","link":"https:\/\/jorgezanoni.com.br\/2019\/unifadra-realiza-colacao-de-grau-on-line-de-formandos-de-enfermagem\/","title":{"rendered":"Unifadra realiza Cola\u00e7\u00e3o de Grau On-line de formandos de Enfermagem"},"content":{"rendered":"<p dir=\"ltr\" style=\"text-align: justify;\">A Faculdade Unifadra\/Fundec de Dracena realizou, na quinta-feira (04), a solenidade de cola\u00e7\u00e3o de grau da 15\u00aa turma do curso de Enfermagem, de forma on-line, em raz\u00e3o da pandemia. Essa foi a primeira cola\u00e7\u00e3o de grau totalmente virtual da hist\u00f3ria da Unifadra.<br \/>\nMesmo com o distanciamento social, o evento foi repleto de emo\u00e7\u00e3o pela conclus\u00e3o deste ciclo dos estudantes.<br \/>\nPresidida pelo Prof. Dr. Enio Garbelini, diretor acad\u00eamico da Unifadra, a cerim\u00f4nia contou com as participa\u00e7\u00f5es do diretor de Comunica\u00e7\u00e3o, Secret\u00e1rio Assistente da Fundec e representante da dire\u00e7\u00e3o executiva Fernando Nunes; do gerente de Enfermagem da Santa Casa de Miseric\u00f3rdia de Dracena e patrono dos formandos Ismael Fabiano Batista; e da paraninfa da turma Profa. Ma. Eunice Maria Zangari Nelli. Tamb\u00e9m participaram do evento virtual docentes da Unifadra. O mestre de cerim\u00f4nia foi Marcelo Carlos Sobrinho, coordenador de eventos da Fundec.<br \/>\nA oradora da turma foi Karen Crislaine Silva Codo e o juramento foi conduzido pela aluna Tal\u00edcia Cez\u00e1rio da Costa.<\/p>\n<p style=\"text-align: justify;\"><span id=\"gmail-docs-internal-guid-a743f047-7fff-6742-3d7f-90b3b4a30ef8\">O diretor Fernando Nunes parabenizou os formandos em nome da dire\u00e7\u00e3o executiva. &#8220;\u00c9 um momento muito significativo para os formandos que celebram hoje a forma\u00e7\u00e3o em um curso superior t\u00e3o importante, especialmente neste momento de pandemia. Momento de emo\u00e7\u00e3o, alegria, sentimento de dever cumprido dos formandos que hoje finalizam essa hist\u00f3ria e iniciar\u00e3o outra no mercado de trabalho como profissionais&#8221;, completou o diretor.<br \/>\n&#8220;Em mar\u00e7o de 2020, um susto! O mundo teve que se reinventar e conosco n\u00e3o foi diferente. Desafios que, pelo empenho de todos, todo corpo administrativo, professores e alunos, conseguimos continuar oferecendo uma forma\u00e7\u00e3o de qualidade e vivenciar hoje esta formatura. Acreditem na capacidade de cada um de voc\u00eas, para que sigam suas vidas profissionais com muito sucesso! A forma\u00e7\u00e3o n\u00e3o p\u00e1ra por aqui, temos que continuar estudando e buscando cada vez mais nos preparar para o futuro&#8221;, disse o diretor acad\u00eamico da Unifadra Prof. Dr. Enio Garbelini.<br \/>\nA cerim\u00f4nia foi transmitida ao vivo no canal do Youtube e em breve estar\u00e1 dispon\u00edvel no link: <a href=\"https:\/\/www.youtube.com\/watch?v=snHHXWow_pc\" target=\"_blank\" rel=\"noopener noreferrer\">https:\/\/www.youtube.com\/watch?v=snHHXWow_pc<\/a> <\/span><\/p>\n<p><img loading=\"lazy\" decoding=\"async\" class=\"alignnone size-full wp-image-44415\" src=\"https:\/\/jorgezanoni.com.br\/2019\/wp-content\/uploads\/2021\/03\/laurea.jpg\" alt=\"\" width=\"1279\" height=\"534\" srcset=\"https:\/\/jorgezanoni.com.br\/2019\/wp-content\/uploads\/2021\/03\/laurea.jpg 1279w, https:\/\/jorgezanoni.com.br\/2019\/wp-content\/uploads\/2021\/03\/laurea-300x125.jpg 300w, https:\/\/jorgezanoni.com.br\/2019\/wp-content\/uploads\/2021\/03\/laurea-1024x428.jpg 1024w, https:\/\/jorgezanoni.com.br\/2019\/wp-content\/uploads\/2021\/03\/laurea-768x321.jpg 768w, https:\/\/jorgezanoni.com.br\/2019\/wp-content\/uploads\/2021\/03\/laurea-696x291.jpg 696w, https:\/\/jorgezanoni.com.br\/2019\/wp-content\/uploads\/2021\/03\/laurea-1068x446.jpg 1068w, https:\/\/jorgezanoni.com.br\/2019\/wp-content\/uploads\/2021\/03\/laurea-1006x420.jpg 1006w\" sizes=\"auto, (max-width: 1279px) 100vw, 1279px\" \/> <img loading=\"lazy\" decoding=\"async\" class=\"alignnone size-full wp-image-44416\" src=\"https:\/\/jorgezanoni.com.br\/2019\/wp-content\/uploads\/2021\/03\/laurea1.jpg\" alt=\"\" width=\"1279\" height=\"537\" srcset=\"https:\/\/jorgezanoni.com.br\/2019\/wp-content\/uploads\/2021\/03\/laurea1.jpg 1279w, https:\/\/jorgezanoni.com.br\/2019\/wp-content\/uploads\/2021\/03\/laurea1-300x126.jpg 300w, https:\/\/jorgezanoni.com.br\/2019\/wp-content\/uploads\/2021\/03\/laurea1-1024x430.jpg 1024w, https:\/\/jorgezanoni.com.br\/2019\/wp-content\/uploads\/2021\/03\/laurea1-768x322.jpg 768w, https:\/\/jorgezanoni.com.br\/2019\/wp-content\/uploads\/2021\/03\/laurea1-696x292.jpg 696w, https:\/\/jorgezanoni.com.br\/2019\/wp-content\/uploads\/2021\/03\/laurea1-1068x448.jpg 1068w, https:\/\/jorgezanoni.com.br\/2019\/wp-content\/uploads\/2021\/03\/laurea1-1000x420.jpg 1000w\" sizes=\"auto, (max-width: 1279px) 100vw, 1279px\" \/><\/p>\n<div class=\"gmail_signature\" dir=\"ltr\">\n<div dir=\"ltr\" style=\"text-align: justify;\">Carolina Colnago<br \/>\nAssistente de Comunica\u00e7\u00e3o<br \/>\nFunda\u00e7\u00e3o Dracenense de Educa\u00e7\u00e3o e Cultura<\/div>\n<\/div>\n","protected":false},"excerpt":{"rendered":"<p>A Faculdade Unifadra\/Fundec de Dracena realizou, na quinta-feira (04), a solenidade de cola\u00e7\u00e3o de grau da 15\u00aa turma do curso de Enfermagem, de forma on-line, em raz\u00e3o da pandemia. Essa foi a primeira cola\u00e7\u00e3o de grau totalmente virtual da hist\u00f3ria da Unifadra. Mesmo com o distanciamento social, o evento foi repleto de emo\u00e7\u00e3o pela conclus\u00e3o [&hellip;]<\/p>\n","protected":false},"author":1,"featured_media":44416,"comment_status":"closed","ping_status":"open","sticky":false,"template":"","format":"standard","meta":{"footnotes":""},"categories":[122],"tags":[],"class_list":["post-44414","post","type-post","status-publish","format-standard","has-post-thumbnail","hentry","category-saudeeducacaoeconcurso"],"_links":{"self":[{"href":"https:\/\/jorgezanoni.com.br\/2019\/wp-json\/wp\/v2\/posts\/44414","targetHints":{"allow":["GET"]}}],"collection":[{"href":"https:\/\/jorgezanoni.com.br\/2019\/wp-json\/wp\/v2\/posts"}],"about":[{"href":"https:\/\/jorgezanoni.com.br\/2019\/wp-json\/wp\/v2\/types\/post"}],"author":[{"embeddable":true,"href":"https:\/\/jorgezanoni.com.br\/2019\/wp-json\/wp\/v2\/users\/1"}],"replies":[{"embeddable":true,"href":"https:\/\/jorgezanoni.com.br\/2019\/wp-json\/wp\/v2\/comments?post=44414"}],"version-history":[{"count":0,"href":"https:\/\/jorgezanoni.com.br\/2019\/wp-json\/wp\/v2\/posts\/44414\/revisions"}],"wp:featuredmedia":[{"embeddable":true,"href":"https:\/\/jorgezanoni.com.br\/2019\/wp-json\/wp\/v2\/media\/44416"}],"wp:attachment":[{"href":"https:\/\/jorgezanoni.com.br\/2019\/wp-json\/wp\/v2\/media?parent=44414"}],"wp:term":[{"taxonomy":"category","embeddable":true,"href":"https:\/\/jorgezanoni.com.br\/2019\/wp-json\/wp\/v2\/categories?post=44414"},{"taxonomy":"post_tag","embeddable":true,"href":"https:\/\/jorgezanoni.com.br\/2019\/wp-json\/wp\/v2\/tags?post=44414"}],"curies":[{"name":"wp","href":"https:\/\/api.w.org\/{rel}","templated":true}]}}