{"id":44408,"date":"2021-03-10T22:27:32","date_gmt":"2021-03-10T22:27:32","guid":{"rendered":"https:\/\/jorgezanoni.com.br\/2019\/?p=44408"},"modified":"2021-03-10T22:27:32","modified_gmt":"2021-03-10T22:27:32","slug":"comunicacao-organizacional-e-tema-de-videoconferencia-na-unifai","status":"publish","type":"post","link":"https:\/\/jorgezanoni.com.br\/2019\/comunicacao-organizacional-e-tema-de-videoconferencia-na-unifai\/","title":{"rendered":"Comunica\u00e7\u00e3o Organizacional \u00e9 tema de Videoconfer\u00eancia na UNIFAI&#8230;"},"content":{"rendered":"<p style=\"text-align: justify;\"><strong><em>\u201cO conhecimento \u00e9 como um jardim, se n\u00e3o for cultivado, n\u00e3o pode ser colhido.\u201d (Prov\u00e9rbio Africano)<\/em><\/strong><\/p>\n<p style=\"text-align: justify;\"><strong>Aos discentes do I Termo de PP, dedico!<\/strong><\/p>\n<p style=\"text-align: justify;\"><strong><em>S\u00e9rgio Barbosa (*)<\/em><\/strong><\/p>\n<p style=\"text-align: justify;\">Nesta ter\u00e7a-feira, 9, realizou-se por meio da disciplina de INTRODU\u00c7\u00c3O AO JORNALISMO ministrada no Curso de PUBLICIDADE E PROPAGANDA (I Termo) da UNIFAI, das 21h10 \u00e0s 22h30, a videoconfer\u00eancia com o tema, a saber: A IMPORT\u00c2NCIA DA COMUNICA\u00c7\u00c3O EMPRESARIAL PARA O SUCESSO DAS ORGANIZA\u00c7\u00d5ES&#8230;<\/p>\n<p style=\"text-align: justify;\">Portanto, pode-se afirmar que em tempo de PANDEMIA, tais considera\u00e7\u00f5es s\u00e3o mais do que necess\u00e1rias para o MERCADO em todas as \u00e1reas, tendo em vista que a proposta da COMUNICA\u00c7\u00c3O EMPRESARIAL busca atuar nas atividades internas e externas das ORGANIZAC\u00d5ES em tempo de p\u00f3s-globaliza\u00e7\u00e3o midi\u00e1tica&#8230;<\/p>\n<p style=\"text-align: justify;\">A confer\u00eancia contou com a participa\u00e7\u00e3o do Publicit\u00e1rio ROBERTO JIMENES (Bob), sendo que o mesmo possui gradua\u00e7\u00e3o na \u00e1rea, Especializa\u00e7\u00e3o em Administra\u00e7\u00e3o de Marketing, Mestrado em Comunica\u00e7\u00e3o Social pela METODISTA de SBCampo, bem como, \u00e9 DOUTORANDO em Arte e Cultura Visual na UFG-Universidade Federal de Goi\u00e1s&#8230;<\/p>\n<p style=\"text-align: justify;\">Tamb\u00e9m, possui mais de 30 anos de experi\u00eancia profissional na \u00e1rea mercadol\u00f3gica com atua\u00e7\u00e3o em diversas EMPRESAS, desta forma, JIMENES apresentou um PANORAMA das propostas mediadas pela COMUNICA\u00c7\u00c3O EMPRESARIAL\/ORGANIZACIONAL para os discentes do I Termo de Curso de Publicidade &amp; Propaganda, ainda, utilizando da base te\u00f3rica para uma aproxima\u00e7\u00e3o com o MERCADO&#8230;<\/p>\n<p style=\"text-align: justify;\">As exig\u00eancias patrocinadas pelo contexto atual quanto \u00e0 qualifica\u00e7\u00e3o e experi\u00eancia do\/a PUBLICIT\u00c1RIO\/A est\u00e3o de acordo com os avan\u00e7os tecnol\u00f3gicos da M\u00cdDIA DIGITAL, entretanto, a conex\u00e3o deve prevalecer com a utiliza\u00e7\u00e3o de uma COMUNICA\u00c7\u00c3O INTEGRADA&#8230;<\/p>\n<p style=\"text-align: justify;\">Jimenes destacou a import\u00e2ncia do aprendizado\u00a0 acad\u00eamico e a busca pelo EST\u00c1GIO desde o per\u00edodo da gradua\u00e7\u00e3o em PP, considerando as diversas \u00e1reas de atua\u00e7\u00e3o do\/a PUBLICIT\u00c1RIO\/A neste tempo novo tempo que se chama hoje&#8230;<\/p>\n<p style=\"text-align: justify;\">Todos\/as est\u00e3o buscando ocupar o seu espa\u00e7o neste MERCADO em n\u00edvel GLOCAL, ou seja, do GLOBAL para o LOCAL, todavia, torna-se necess\u00e1rio que o\/a DIPLOMADO\/A em PP possa estar CONECTADO com todas as transforma\u00e7\u00f5es que est\u00e3o ocorrendo no MERCADO por meio dos NOVOS PARADIGMAS da COMUNICA\u00c7\u00c3O EMPRESARIAL\/ORGANIZACIONAL e ponto quase final&#8230;<\/p>\n<p style=\"text-align: justify;\"><strong><em>_______________________________<\/em><\/strong><\/p>\n<p style=\"text-align: justify;\"><strong><em>(*) Professor do Curso de Publicidade &amp; Propaganda e Administra\u00e7\u00e3o da UNIFAI (Adamantina,SP). \u00a0\u00a0<\/em><\/strong><\/p>\n<p style=\"text-align: justify;\">\n<p style=\"text-align: justify;\">\n<p style=\"text-align: justify;\">\n<p>&nbsp;<\/p>\n<p>&nbsp;<\/p>\n","protected":false},"excerpt":{"rendered":"<p>\u201cO conhecimento \u00e9 como um jardim, se n\u00e3o for cultivado, n\u00e3o pode ser colhido.\u201d (Prov\u00e9rbio Africano) Aos discentes do I Termo de PP, dedico! S\u00e9rgio Barbosa (*) Nesta ter\u00e7a-feira, 9, realizou-se por meio da disciplina de INTRODU\u00c7\u00c3O AO JORNALISMO ministrada no Curso de PUBLICIDADE E PROPAGANDA (I Termo) da UNIFAI, das 21h10 \u00e0s 22h30, a [&hellip;]<\/p>\n","protected":false},"author":1,"featured_media":44409,"comment_status":"closed","ping_status":"open","sticky":false,"template":"","format":"standard","meta":{"footnotes":""},"categories":[122],"tags":[],"class_list":["post-44408","post","type-post","status-publish","format-standard","has-post-thumbnail","hentry","category-saudeeducacaoeconcurso"],"_links":{"self":[{"href":"https:\/\/jorgezanoni.com.br\/2019\/wp-json\/wp\/v2\/posts\/44408","targetHints":{"allow":["GET"]}}],"collection":[{"href":"https:\/\/jorgezanoni.com.br\/2019\/wp-json\/wp\/v2\/posts"}],"about":[{"href":"https:\/\/jorgezanoni.com.br\/2019\/wp-json\/wp\/v2\/types\/post"}],"author":[{"embeddable":true,"href":"https:\/\/jorgezanoni.com.br\/2019\/wp-json\/wp\/v2\/users\/1"}],"replies":[{"embeddable":true,"href":"https:\/\/jorgezanoni.com.br\/2019\/wp-json\/wp\/v2\/comments?post=44408"}],"version-history":[{"count":0,"href":"https:\/\/jorgezanoni.com.br\/2019\/wp-json\/wp\/v2\/posts\/44408\/revisions"}],"wp:featuredmedia":[{"embeddable":true,"href":"https:\/\/jorgezanoni.com.br\/2019\/wp-json\/wp\/v2\/media\/44409"}],"wp:attachment":[{"href":"https:\/\/jorgezanoni.com.br\/2019\/wp-json\/wp\/v2\/media?parent=44408"}],"wp:term":[{"taxonomy":"category","embeddable":true,"href":"https:\/\/jorgezanoni.com.br\/2019\/wp-json\/wp\/v2\/categories?post=44408"},{"taxonomy":"post_tag","embeddable":true,"href":"https:\/\/jorgezanoni.com.br\/2019\/wp-json\/wp\/v2\/tags?post=44408"}],"curies":[{"name":"wp","href":"https:\/\/api.w.org\/{rel}","templated":true}]}}