{"id":44360,"date":"2021-03-10T01:18:33","date_gmt":"2021-03-10T01:18:33","guid":{"rendered":"https:\/\/jorgezanoni.com.br\/2019\/?p=44360"},"modified":"2021-03-10T01:18:33","modified_gmt":"2021-03-10T01:18:33","slug":"medico-e-ex-prefeito-de-dracena-jose-claudio-grando-fala-da-saudade-e-preocupacao-com-a-covid-no-municipio","status":"publish","type":"post","link":"https:\/\/jorgezanoni.com.br\/2019\/medico-e-ex-prefeito-de-dracena-jose-claudio-grando-fala-da-saudade-e-preocupacao-com-a-covid-no-municipio\/","title":{"rendered":"M\u00e9dico e ex-prefeito de Dracena Jos\u00e9 Cl\u00e1udio Grando, fala da saudade e preocupa\u00e7\u00e3o com a COVID no munic\u00edpio"},"content":{"rendered":"<div class=\"kvgmc6g5 cxmmr5t8 oygrvhab hcukyx3x c1et5uql ii04i59q\">\n<div dir=\"auto\" style=\"text-align: justify;\"><strong>O M\u00c9DICO E EX PREFEITO DE DRACENA JOS\u00c9 CL\u00c1UDIO GRANDO EST\u00c1 BEM E CONTINUA EM TRATAMENTO. ELE FALA DA SAUDADE DOS AMIGOS DE DRACENA E DIZ ESTAR PREOCUPADO COM A SITUA\u00c7\u00c3O DA COVID NO MUNIC\u00cdPIO.<\/strong><\/div>\n<\/div>\n<div class=\"o9v6fnle cxmmr5t8 oygrvhab hcukyx3x c1et5uql ii04i59q\" style=\"text-align: justify;\">\n<div dir=\"auto\">Depois de passar por cirurgia em Mar\u00edlia, o m\u00e9dico e ex-prefeito de Dracena, Jos\u00e9 Cl\u00e1udio Grando trava uma luta di\u00e1ria para sua recupera\u00e7\u00e3o que j\u00e1 dura longo tempo. Em conversa por telefone na tarde de segunda-feira,8, ele disse que est\u00e1 bem melhor, n\u00e3o sente mais dores, mas continua em tratamento com sess\u00f5es di\u00e1rias de fisioterapia.<\/div>\n<\/div>\n<div class=\"o9v6fnle cxmmr5t8 oygrvhab hcukyx3x c1et5uql ii04i59q\" style=\"text-align: justify;\">\n<div dir=\"auto\">Em Campinas onde est\u00e1, o dr Jos\u00e9 Cl\u00e1udio falou da saudade dos amigos e colegas m\u00e9dicos de Dracena, n\u00e3o escondeu sua preocupa\u00e7\u00e3o com as not\u00edcias de tantas interna\u00e7\u00f5es e mortes pela Covid -19 no munic\u00edpio, perguntou sobre a sa\u00fade do prefeito Andr\u00e9 Lemos e do ex-prefeito Juliano Bertolini. Grando disse que est\u00e1 bem melhor e deve seguir seu tratamento em Campinas durante todo o m\u00eas de mar\u00e7o e provavelmente em abril volte para a cidade de Assis onde tamb\u00e9m tem familiares.<\/div>\n<\/div>\n<div class=\"o9v6fnle cxmmr5t8 oygrvhab hcukyx3x c1et5uql ii04i59q\">\n<div dir=\"auto\" style=\"text-align: justify;\">M\u00e9dico especialista em urologia, o dr Jos\u00e9 Cl\u00e1udio Grando foi diretor Cl\u00ednico por v\u00e1rias vezes do Corpo Cl\u00ednico da Santa Casa de Dracena, foi ainda integrante do Lions Clube local, secret\u00e1rio Municipal de Sa\u00fade, prefeito por duas vezes e candidato a deputado Estadual. Finalizando a conversa por telefone com o dr Jos\u00e9 Cl\u00e1udio ,ele pontou que se tudo caminhar bem ap\u00f3s voltar para Assis pretende vir \u00e0 Dracena.<\/div>\n<div dir=\"auto\" style=\"text-align: justify;\"><\/div>\n<div dir=\"auto\" style=\"text-align: justify;\">Fonte: Valdomiro Nunes<\/div>\n<\/div>\n","protected":false},"excerpt":{"rendered":"<p>O M\u00c9DICO E EX PREFEITO DE DRACENA JOS\u00c9 CL\u00c1UDIO GRANDO EST\u00c1 BEM E CONTINUA EM TRATAMENTO. ELE FALA DA SAUDADE DOS AMIGOS DE DRACENA E DIZ ESTAR PREOCUPADO COM A SITUA\u00c7\u00c3O DA COVID NO MUNIC\u00cdPIO. Depois de passar por cirurgia em Mar\u00edlia, o m\u00e9dico e ex-prefeito de Dracena, Jos\u00e9 Cl\u00e1udio Grando trava uma luta di\u00e1ria [&hellip;]<\/p>\n","protected":false},"author":1,"featured_media":44361,"comment_status":"closed","ping_status":"open","sticky":false,"template":"","format":"standard","meta":{"footnotes":""},"categories":[110,116],"tags":[],"class_list":["post-44360","post","type-post","status-publish","format-standard","has-post-thumbnail","hentry","category-noticiasdestaque","category-politicaeeconomia"],"_links":{"self":[{"href":"https:\/\/jorgezanoni.com.br\/2019\/wp-json\/wp\/v2\/posts\/44360","targetHints":{"allow":["GET"]}}],"collection":[{"href":"https:\/\/jorgezanoni.com.br\/2019\/wp-json\/wp\/v2\/posts"}],"about":[{"href":"https:\/\/jorgezanoni.com.br\/2019\/wp-json\/wp\/v2\/types\/post"}],"author":[{"embeddable":true,"href":"https:\/\/jorgezanoni.com.br\/2019\/wp-json\/wp\/v2\/users\/1"}],"replies":[{"embeddable":true,"href":"https:\/\/jorgezanoni.com.br\/2019\/wp-json\/wp\/v2\/comments?post=44360"}],"version-history":[{"count":0,"href":"https:\/\/jorgezanoni.com.br\/2019\/wp-json\/wp\/v2\/posts\/44360\/revisions"}],"wp:featuredmedia":[{"embeddable":true,"href":"https:\/\/jorgezanoni.com.br\/2019\/wp-json\/wp\/v2\/media\/44361"}],"wp:attachment":[{"href":"https:\/\/jorgezanoni.com.br\/2019\/wp-json\/wp\/v2\/media?parent=44360"}],"wp:term":[{"taxonomy":"category","embeddable":true,"href":"https:\/\/jorgezanoni.com.br\/2019\/wp-json\/wp\/v2\/categories?post=44360"},{"taxonomy":"post_tag","embeddable":true,"href":"https:\/\/jorgezanoni.com.br\/2019\/wp-json\/wp\/v2\/tags?post=44360"}],"curies":[{"name":"wp","href":"https:\/\/api.w.org\/{rel}","templated":true}]}}