{"id":44357,"date":"2021-03-10T00:56:24","date_gmt":"2021-03-10T00:56:24","guid":{"rendered":"https:\/\/jorgezanoni.com.br\/2019\/?p=44357"},"modified":"2021-03-10T00:56:41","modified_gmt":"2021-03-10T00:56:41","slug":"boletim-atualizado-da-covid-19-da-secretaria-municipal-de-saude-de-dracena-09-03-21","status":"publish","type":"post","link":"https:\/\/jorgezanoni.com.br\/2019\/boletim-atualizado-da-covid-19-da-secretaria-municipal-de-saude-de-dracena-09-03-21\/","title":{"rendered":"Boletim atualizado da COVID-19 da Secretaria Municipal de Sa\u00fade de Dracena 09\/03\/21"},"content":{"rendered":"<div class=\"kvgmc6g5 cxmmr5t8 oygrvhab hcukyx3x c1et5uql ii04i59q\">\n<div dir=\"auto\" style=\"text-align: justify;\">BOLETIM EPIDEMIOL\u00d3GICO DE COVID 19<\/div>\n<div dir=\"auto\" style=\"text-align: justify;\">(TER\u00c7A-FEIRA, 9\/03)<\/div>\n<\/div>\n<div class=\"o9v6fnle cxmmr5t8 oygrvhab hcukyx3x c1et5uql ii04i59q\" style=\"text-align: justify;\">\n<div dir=\"auto\">Suspeitos: 30<\/div>\n<div dir=\"auto\">Suspeitos Domiciliar: 30<\/div>\n<div dir=\"auto\">Suspeitos Hospitalar: 0<\/div>\n<\/div>\n<div class=\"o9v6fnle cxmmr5t8 oygrvhab hcukyx3x c1et5uql ii04i59q\" style=\"text-align: justify;\">\n<div dir=\"auto\">Confirmados: 3.540<\/div>\n<div dir=\"auto\">Curados: 2.612<\/div>\n<div dir=\"auto\">Isolamento domiciliar: 804<\/div>\n<div dir=\"auto\">Tratamento Hospitalar: 25<\/div>\n<div dir=\"auto\">\u00d3bitos: 99<\/div>\n<div dir=\"auto\"><\/div>\n<\/div>\n<div class=\"o9v6fnle cxmmr5t8 oygrvhab hcukyx3x c1et5uql ii04i59q\" style=\"text-align: justify;\">\n<div dir=\"auto\">ALERTA\u00a0<span class=\"pq6dq46d tbxw36s4 knj5qynh kvgmc6g5 ditlmg2l oygrvhab nvdbi5me sf5mxxl7 gl3lb2sf hhz5lgdu\"><br \/>\n<\/span><\/div>\n<div dir=\"auto\">Nas \u00faltimas 24 horas, foram confirmados na cidade mais 40 casos novos de covid 19.<\/div>\n<\/div>\n<div class=\"o9v6fnle cxmmr5t8 oygrvhab hcukyx3x c1et5uql ii04i59q\" style=\"text-align: justify;\">\n<div dir=\"auto\">O n\u00famero de pacientes curados aumentou nas \u00faltimas 24 horas, para 32.<\/div>\n<\/div>\n<div class=\"o9v6fnle cxmmr5t8 oygrvhab hcukyx3x c1et5uql ii04i59q\">\n<div dir=\"auto\" style=\"text-align: justify;\"><\/div>\n<div dir=\"auto\" style=\"text-align: justify;\">N\u00c3O PODEMOS NOS DESCUIDAR, NEM AGLOMERAR T\u00c3O POUCO DEIXAR DE USAR A M\u00c1SCARA E HIGIENIZAR AS M\u00c3OS.<\/div>\n<\/div>\n","protected":false},"excerpt":{"rendered":"<p>BOLETIM EPIDEMIOL\u00d3GICO DE COVID 19 (TER\u00c7A-FEIRA, 9\/03) Suspeitos: 30 Suspeitos Domiciliar: 30 Suspeitos Hospitalar: 0 Confirmados: 3.540 Curados: 2.612 Isolamento domiciliar: 804 Tratamento Hospitalar: 25 \u00d3bitos: 99 ALERTA\u00a0 Nas \u00faltimas 24 horas, foram confirmados na cidade mais 40 casos novos de covid 19. O n\u00famero de pacientes curados aumentou nas \u00faltimas 24 horas, para 32. [&hellip;]<\/p>\n","protected":false},"author":1,"featured_media":44358,"comment_status":"closed","ping_status":"open","sticky":false,"template":"","format":"standard","meta":{"footnotes":""},"categories":[179,184,110],"tags":[],"class_list":["post-44357","post","type-post","status-publish","format-standard","has-post-thumbnail","hentry","category-cidadeseregiao","category-dracena","category-noticiasdestaque"],"_links":{"self":[{"href":"https:\/\/jorgezanoni.com.br\/2019\/wp-json\/wp\/v2\/posts\/44357","targetHints":{"allow":["GET"]}}],"collection":[{"href":"https:\/\/jorgezanoni.com.br\/2019\/wp-json\/wp\/v2\/posts"}],"about":[{"href":"https:\/\/jorgezanoni.com.br\/2019\/wp-json\/wp\/v2\/types\/post"}],"author":[{"embeddable":true,"href":"https:\/\/jorgezanoni.com.br\/2019\/wp-json\/wp\/v2\/users\/1"}],"replies":[{"embeddable":true,"href":"https:\/\/jorgezanoni.com.br\/2019\/wp-json\/wp\/v2\/comments?post=44357"}],"version-history":[{"count":0,"href":"https:\/\/jorgezanoni.com.br\/2019\/wp-json\/wp\/v2\/posts\/44357\/revisions"}],"wp:featuredmedia":[{"embeddable":true,"href":"https:\/\/jorgezanoni.com.br\/2019\/wp-json\/wp\/v2\/media\/44358"}],"wp:attachment":[{"href":"https:\/\/jorgezanoni.com.br\/2019\/wp-json\/wp\/v2\/media?parent=44357"}],"wp:term":[{"taxonomy":"category","embeddable":true,"href":"https:\/\/jorgezanoni.com.br\/2019\/wp-json\/wp\/v2\/categories?post=44357"},{"taxonomy":"post_tag","embeddable":true,"href":"https:\/\/jorgezanoni.com.br\/2019\/wp-json\/wp\/v2\/tags?post=44357"}],"curies":[{"name":"wp","href":"https:\/\/api.w.org\/{rel}","templated":true}]}}