{"id":44351,"date":"2021-03-09T22:24:31","date_gmt":"2021-03-09T22:24:31","guid":{"rendered":"https:\/\/jorgezanoni.com.br\/2019\/?p=44351"},"modified":"2021-03-09T22:25:10","modified_gmt":"2021-03-09T22:25:10","slug":"prefeitura-informa-o-estado-de-saude-do-prefeito-de-dracena","status":"publish","type":"post","link":"https:\/\/jorgezanoni.com.br\/2019\/prefeitura-informa-o-estado-de-saude-do-prefeito-de-dracena\/","title":{"rendered":"Prefeitura informa o estado de Sa\u00fade do Prefeito de Dracena"},"content":{"rendered":"<p style=\"text-align: justify;\">O prefeito Andr\u00e9 Lemos, de Dracena, encontra-se hospitalizado na Santa Casa local em tratamento do covid-19. Segundo o hospital, ele est\u00e1 est\u00e1vel, com satura\u00e7\u00e3o 97% com aux\u00edlio de cateter de oxig\u00eanio.<\/p>\n<p style=\"text-align: justify;\">Andr\u00e9 deu entrada na unidade de sa\u00fade na quarta-feira, 3.<\/p>\n<p style=\"text-align: justify;\"><strong>Diretoria de Comunica\u00e7\u00e3o <\/strong><\/p>\n<p>&nbsp;<\/p>\n","protected":false},"excerpt":{"rendered":"<p>O prefeito Andr\u00e9 Lemos, de Dracena, encontra-se hospitalizado na Santa Casa local em tratamento do covid-19. Segundo o hospital, ele est\u00e1 est\u00e1vel, com satura\u00e7\u00e3o 97% com aux\u00edlio de cateter de oxig\u00eanio. Andr\u00e9 deu entrada na unidade de sa\u00fade na quarta-feira, 3. Diretoria de Comunica\u00e7\u00e3o &nbsp;<\/p>\n","protected":false},"author":1,"featured_media":44352,"comment_status":"closed","ping_status":"open","sticky":false,"template":"","format":"standard","meta":{"footnotes":""},"categories":[110,116],"tags":[],"class_list":["post-44351","post","type-post","status-publish","format-standard","has-post-thumbnail","hentry","category-noticiasdestaque","category-politicaeeconomia"],"_links":{"self":[{"href":"https:\/\/jorgezanoni.com.br\/2019\/wp-json\/wp\/v2\/posts\/44351","targetHints":{"allow":["GET"]}}],"collection":[{"href":"https:\/\/jorgezanoni.com.br\/2019\/wp-json\/wp\/v2\/posts"}],"about":[{"href":"https:\/\/jorgezanoni.com.br\/2019\/wp-json\/wp\/v2\/types\/post"}],"author":[{"embeddable":true,"href":"https:\/\/jorgezanoni.com.br\/2019\/wp-json\/wp\/v2\/users\/1"}],"replies":[{"embeddable":true,"href":"https:\/\/jorgezanoni.com.br\/2019\/wp-json\/wp\/v2\/comments?post=44351"}],"version-history":[{"count":0,"href":"https:\/\/jorgezanoni.com.br\/2019\/wp-json\/wp\/v2\/posts\/44351\/revisions"}],"wp:featuredmedia":[{"embeddable":true,"href":"https:\/\/jorgezanoni.com.br\/2019\/wp-json\/wp\/v2\/media\/44352"}],"wp:attachment":[{"href":"https:\/\/jorgezanoni.com.br\/2019\/wp-json\/wp\/v2\/media?parent=44351"}],"wp:term":[{"taxonomy":"category","embeddable":true,"href":"https:\/\/jorgezanoni.com.br\/2019\/wp-json\/wp\/v2\/categories?post=44351"},{"taxonomy":"post_tag","embeddable":true,"href":"https:\/\/jorgezanoni.com.br\/2019\/wp-json\/wp\/v2\/tags?post=44351"}],"curies":[{"name":"wp","href":"https:\/\/api.w.org\/{rel}","templated":true}]}}