{"id":44307,"date":"2021-03-09T02:25:21","date_gmt":"2021-03-09T02:25:21","guid":{"rendered":"https:\/\/jorgezanoni.com.br\/2019\/?p=44307"},"modified":"2021-03-09T02:26:04","modified_gmt":"2021-03-09T02:26:04","slug":"morre-em-ilha-solteira-a-senhora-neusa-soto-de-lima","status":"publish","type":"post","link":"https:\/\/jorgezanoni.com.br\/2019\/morre-em-ilha-solteira-a-senhora-neusa-soto-de-lima\/","title":{"rendered":"Morre em Ilha Solteira a dracenense, senhora Neusa Soto de Lima"},"content":{"rendered":"<p style=\"text-align: justify;\">Comunicamos com pesar o falecimento da senhora Neusa Soto de Lima de 64 anos, moradora de Dracena. Estava internada na Santa Casa da cidade e foi transferida para Ilha Solteira, onde permaneceu intubada por 15 dias em tratamento da COVID.<\/p>\n<p>O Sepultamento ocorre amanh\u00e3 (9), \u00e0s 09:00 Horas no Cemit\u00e9rio Municipal de Dracena. N\u00e3o haver\u00e1 Vel\u00f3rio.<\/p>\n<p style=\"text-align: justify;\">Os sentimentos do Site JZ aos familiares e amigos.<\/p>\n","protected":false},"excerpt":{"rendered":"<p>Comunicamos com pesar o falecimento da senhora Neusa Soto de Lima de 64 anos, moradora de Dracena. Estava internada na Santa Casa da cidade e foi transferida para Ilha Solteira, onde permaneceu intubada por 15 dias em tratamento da COVID. O Sepultamento ocorre amanh\u00e3 (9), \u00e0s 09:00 Horas no Cemit\u00e9rio Municipal de Dracena. N\u00e3o haver\u00e1 [&hellip;]<\/p>\n","protected":false},"author":1,"featured_media":44308,"comment_status":"closed","ping_status":"open","sticky":false,"template":"","format":"standard","meta":{"footnotes":""},"categories":[178,110],"tags":[],"class_list":["post-44307","post","type-post","status-publish","format-standard","has-post-thumbnail","hentry","category-notadefalecimento","category-noticiasdestaque"],"_links":{"self":[{"href":"https:\/\/jorgezanoni.com.br\/2019\/wp-json\/wp\/v2\/posts\/44307","targetHints":{"allow":["GET"]}}],"collection":[{"href":"https:\/\/jorgezanoni.com.br\/2019\/wp-json\/wp\/v2\/posts"}],"about":[{"href":"https:\/\/jorgezanoni.com.br\/2019\/wp-json\/wp\/v2\/types\/post"}],"author":[{"embeddable":true,"href":"https:\/\/jorgezanoni.com.br\/2019\/wp-json\/wp\/v2\/users\/1"}],"replies":[{"embeddable":true,"href":"https:\/\/jorgezanoni.com.br\/2019\/wp-json\/wp\/v2\/comments?post=44307"}],"version-history":[{"count":0,"href":"https:\/\/jorgezanoni.com.br\/2019\/wp-json\/wp\/v2\/posts\/44307\/revisions"}],"wp:featuredmedia":[{"embeddable":true,"href":"https:\/\/jorgezanoni.com.br\/2019\/wp-json\/wp\/v2\/media\/44308"}],"wp:attachment":[{"href":"https:\/\/jorgezanoni.com.br\/2019\/wp-json\/wp\/v2\/media?parent=44307"}],"wp:term":[{"taxonomy":"category","embeddable":true,"href":"https:\/\/jorgezanoni.com.br\/2019\/wp-json\/wp\/v2\/categories?post=44307"},{"taxonomy":"post_tag","embeddable":true,"href":"https:\/\/jorgezanoni.com.br\/2019\/wp-json\/wp\/v2\/tags?post=44307"}],"curies":[{"name":"wp","href":"https:\/\/api.w.org\/{rel}","templated":true}]}}