{"id":44298,"date":"2021-03-08T23:13:44","date_gmt":"2021-03-08T23:13:44","guid":{"rendered":"https:\/\/jorgezanoni.com.br\/2019\/?p=44298"},"modified":"2021-03-08T23:14:21","modified_gmt":"2021-03-08T23:14:21","slug":"santa-casa-de-dracena-disponibiliza-mais-10-leitos-de-uti-covid-19","status":"publish","type":"post","link":"https:\/\/jorgezanoni.com.br\/2019\/santa-casa-de-dracena-disponibiliza-mais-10-leitos-de-uti-covid-19\/","title":{"rendered":"Santa Casa de Dracena disponibiliza mais 10 Leitos de UTI COVID-19"},"content":{"rendered":"<p style=\"text-align: justify;\">A SANTA CASA DE DRACENA havida em atender os pacientes que necessitam de tratamento intensivo \u2013 UTI, casos graves de infec\u00e7\u00e3o COVID-19, com a iniciativa do Prefeito Andr\u00e9 Lemos e sua equipe da Secretaria Municipal de Sa\u00fade e Higiene P\u00fablica de Dracena, com a intermedia\u00e7\u00e3o do Deputado Estadual Reinaldo Alguz e a coopera\u00e7\u00e3o pontual do Deputado Federal David Soares, viabilizaram a concretiza\u00e7\u00e3o de colocar \u00e0 disposi\u00e7\u00e3o novos leitos de UTI-COVID, que agora disp\u00f5e de 20 (vinte) leitos para tratamento espec\u00edfico de COVID-19.<\/p>\n<p style=\"text-align: justify;\">Andr\u00e9 Lemos preocupado com o aumento da demanda, diante da fragilidade administrativa para financiar novos leitos, buscou o apoio do Deputado Estadual Reinaldo Alguz, que junto ao GOVERNO DO ESTADO DE S\u00c3O PAULO atrav\u00e9s do Secret\u00e1rio MARCO VINHOLI conseguiu autoriza\u00e7\u00e3o e o financiamento destes leitos, que associado a expertise do Deputado Federal David Soares que intercedeu junto ao Minist\u00e9rio da Sa\u00fade possibilitando a cess\u00e3o de 10 (dez) ventiladores mec\u00e2nicos e 10 (dez) monitores card\u00edacos, buscando da\u00ed a efici\u00eancia dos Prefeitos e Diretoria que integram o Cons\u00f3rcio Intermunicipal de Sa\u00fade da Nova Alta Paulista \u2013 C.I.S.N.A.P. no fornecimento de 40 (quarenta) bombas de infus\u00e3o.<\/p>\n<p style=\"text-align: justify;\">A SANTA CASA DE DRACENA em breve espa\u00e7o de tempo viabilizou a sele\u00e7\u00e3o de m\u00e9dicos, param\u00e9dicos e profissionais de enfermagem, constituindo a montagem integral dos leitos com equipamentos e recursos humanos. Ent\u00e3o, com a implanta\u00e7\u00e3o gradativa, a SANTA CASA DE DRACENA procedeu no s\u00e1bado (06\/03\/2021) a admiss\u00e3o de 3 (tr\u00eas) pacientes, que se completar\u00e1 a sua capacidade integral \u2013 10 (dez) leitos, de pacientes que estavam aguardando vaga ou remo\u00e7\u00e3o no Pronto Atendimento Municipal de Dracena e CEMAC ou na<br \/>\nCROSS, na tentativa de aliviar a ang\u00fastia das pessoas que necessitam de tratamento intensivo de COVID-19 .<\/p>\n<p style=\"text-align: justify;\">Nos casos em que n\u00e3o se requer o tratamento intensivo, a SANTA CASA DE DRACENA disponibiliza 20 (vinte) leitos de Enfermaria COVID-19, com a possibilidade de amplia\u00e7\u00e3o de mais 10 (dez) leitos, que passaria a contar com 30 (trinta) leitos.<\/p>\n<p style=\"text-align: justify;\">As unidades CEMAC e o PAM de Dracena se constituem na \u201cporta de entrada\u201d dos pacientes com suspeitas de contamina\u00e7\u00e3o pela COVID-19, onde s\u00e3o triados, testados, consultados, examinados (exames laboratoriais, exames de imagem) e medicados, por fim orientados sobre o isolamento.<\/p>\n<p>Fonte: Santa Casa de Dracena<\/p>\n","protected":false},"excerpt":{"rendered":"<p>A SANTA CASA DE DRACENA havida em atender os pacientes que necessitam de tratamento intensivo \u2013 UTI, casos graves de infec\u00e7\u00e3o COVID-19, com a iniciativa do Prefeito Andr\u00e9 Lemos e sua equipe da Secretaria Municipal de Sa\u00fade e Higiene P\u00fablica de Dracena, com a intermedia\u00e7\u00e3o do Deputado Estadual Reinaldo Alguz e a coopera\u00e7\u00e3o pontual do [&hellip;]<\/p>\n","protected":false},"author":1,"featured_media":44299,"comment_status":"closed","ping_status":"open","sticky":false,"template":"","format":"standard","meta":{"footnotes":""},"categories":[110,122],"tags":[],"class_list":["post-44298","post","type-post","status-publish","format-standard","has-post-thumbnail","hentry","category-noticiasdestaque","category-saudeeducacaoeconcurso"],"_links":{"self":[{"href":"https:\/\/jorgezanoni.com.br\/2019\/wp-json\/wp\/v2\/posts\/44298","targetHints":{"allow":["GET"]}}],"collection":[{"href":"https:\/\/jorgezanoni.com.br\/2019\/wp-json\/wp\/v2\/posts"}],"about":[{"href":"https:\/\/jorgezanoni.com.br\/2019\/wp-json\/wp\/v2\/types\/post"}],"author":[{"embeddable":true,"href":"https:\/\/jorgezanoni.com.br\/2019\/wp-json\/wp\/v2\/users\/1"}],"replies":[{"embeddable":true,"href":"https:\/\/jorgezanoni.com.br\/2019\/wp-json\/wp\/v2\/comments?post=44298"}],"version-history":[{"count":0,"href":"https:\/\/jorgezanoni.com.br\/2019\/wp-json\/wp\/v2\/posts\/44298\/revisions"}],"wp:featuredmedia":[{"embeddable":true,"href":"https:\/\/jorgezanoni.com.br\/2019\/wp-json\/wp\/v2\/media\/44299"}],"wp:attachment":[{"href":"https:\/\/jorgezanoni.com.br\/2019\/wp-json\/wp\/v2\/media?parent=44298"}],"wp:term":[{"taxonomy":"category","embeddable":true,"href":"https:\/\/jorgezanoni.com.br\/2019\/wp-json\/wp\/v2\/categories?post=44298"},{"taxonomy":"post_tag","embeddable":true,"href":"https:\/\/jorgezanoni.com.br\/2019\/wp-json\/wp\/v2\/tags?post=44298"}],"curies":[{"name":"wp","href":"https:\/\/api.w.org\/{rel}","templated":true}]}}