{"id":44290,"date":"2021-03-08T22:39:40","date_gmt":"2021-03-08T22:39:40","guid":{"rendered":"https:\/\/jorgezanoni.com.br\/2019\/?p=44290"},"modified":"2021-03-08T23:00:31","modified_gmt":"2021-03-08T23:00:31","slug":"por-10-x-0-foiaprovada-abertura-de-comissao-processante-contra-a-vereadora-sara-scarabelli","status":"publish","type":"post","link":"https:\/\/jorgezanoni.com.br\/2019\/por-10-x-0-foiaprovada-abertura-de-comissao-processante-contra-a-vereadora-sara-scarabelli\/","title":{"rendered":"Por 10 x 0 foi aprovada a abertura de Comiss\u00e3o Processante contra a Vereadora Sara Scarabelli"},"content":{"rendered":"<p style=\"text-align: justify;\">Est\u00e1 acontecendo a Sess\u00e3o da C\u00e2mara Municipal de Vereadores de Dracena, que hoje come\u00e7ou \u00e0s 18:00 Horas.<\/p>\n<p style=\"text-align: justify;\">Dentre os trabalhos camar\u00e1rios, existia um pedido de abertura de Comiss\u00e3o Processante contra a Vereadora Sara dos Santos Scarabelli Souza (PODE), protocolado pelo Vereador Davi Silva e o cidad\u00e3o Bruno Brandino, por conta da parlamentar ter possivelmente n\u00e3o cumprido o Isolamento obrigat\u00f3rio para suspeitos da COVID.<\/p>\n<p style=\"text-align: justify;\">Por 10 (dez) votos a 0 (zero), a C\u00e2mara acatou a forma\u00e7\u00e3o da Comiss\u00e3o Processante. N\u00e3o votaram Sara (envolvida), Davi (autor do pedido) e Claudinei Milan Mel\u00e3o (presidente).<\/p>\n<p style=\"text-align: justify;\">Agora come\u00e7am a correr os prazos sendo formado uma comiss\u00e3o com Presidente e dois membros que ir\u00e3o ouvir pessoas e a pr\u00f3pria vereadora. Sara ter\u00e1 prazo e direito de defesa.<\/p>\n<p>Jorge Zanoni<\/p>\n<p style=\"text-align: justify;\"><strong>C\u00c2MARA FORMA COMISS\u00c3O PROCESSANTE CONTRA A VEREADORA SARA SCARABELLI<\/strong><\/p>\n<p style=\"text-align: justify;\">Nesta segunda-feira, por unanimidade, a C\u00e2mara de Dracena acatou den\u00fancia contra a vereadora Sara Scarabelli. N\u00e3o participaram da vota\u00e7\u00e3o a pr\u00f3pria Sara, o autor da den\u00fancia, Davi Silva e o presidente Mel\u00e3o.<br \/>\nA CP ter\u00e1 como presidente C\u00e9lio Ferregutti, relator Victor Palhares e membro Rodrigo Castilho.<br \/>\nA vereadora ter\u00e1 10 dias ap\u00f3s sua notifica\u00e7\u00e3o oficial para apresentar defesa pr\u00e9via por escrito, com provas e nomes de testemunhas. A comiss\u00e3o poder\u00e1 em seguida decidir pelo arquivamento da den\u00fancia ou seu prosseguimento, com an\u00e1lise do plen\u00e1rio. Se prosseguir, a comiss\u00e3o ter\u00e1 90 dias de prazo para concluir as investiga\u00e7\u00f5es.<br \/>\nA den\u00fancia pode ser conferida no site da C\u00e2mara, em link pr\u00f3prio da CP 01\/2021. Uma das acusa\u00e7\u00f5es \u00e9 que Sara ficou sabendo que estava positivada para Covid por volta das 10 horas do dia 19 de fevereiro e foi avisada do isolamento de 10 dias. No entanto, na mesma data, volta das 14 horas, participou de um v\u00eddeo com o prefeito Andr\u00e9 Lemos e outras pessoas no Parque Dracena para anunciar uma obra. H\u00e1 ainda outras den\u00fancias sobre o caso. A den\u00fancia \u00e9 de quebra de decoro parlamentar.<br \/>\nA vereadora ter\u00e1 amplo espa\u00e7o para sua defesa antes de qualquer an\u00e1lise de m\u00e9rito da den\u00fancia pelos vereadores.<\/p>\n<p>Fonte: Bastidores da Noticia.<\/p>\n","protected":false},"excerpt":{"rendered":"<p>Est\u00e1 acontecendo a Sess\u00e3o da C\u00e2mara Municipal de Vereadores de Dracena, que hoje come\u00e7ou \u00e0s 18:00 Horas. Dentre os trabalhos camar\u00e1rios, existia um pedido de abertura de Comiss\u00e3o Processante contra a Vereadora Sara dos Santos Scarabelli Souza (PODE), protocolado pelo Vereador Davi Silva e o cidad\u00e3o Bruno Brandino, por conta da parlamentar ter possivelmente n\u00e3o [&hellip;]<\/p>\n","protected":false},"author":1,"featured_media":44291,"comment_status":"closed","ping_status":"open","sticky":false,"template":"","format":"standard","meta":{"footnotes":""},"categories":[110,116],"tags":[],"class_list":["post-44290","post","type-post","status-publish","format-standard","has-post-thumbnail","hentry","category-noticiasdestaque","category-politicaeeconomia"],"_links":{"self":[{"href":"https:\/\/jorgezanoni.com.br\/2019\/wp-json\/wp\/v2\/posts\/44290","targetHints":{"allow":["GET"]}}],"collection":[{"href":"https:\/\/jorgezanoni.com.br\/2019\/wp-json\/wp\/v2\/posts"}],"about":[{"href":"https:\/\/jorgezanoni.com.br\/2019\/wp-json\/wp\/v2\/types\/post"}],"author":[{"embeddable":true,"href":"https:\/\/jorgezanoni.com.br\/2019\/wp-json\/wp\/v2\/users\/1"}],"replies":[{"embeddable":true,"href":"https:\/\/jorgezanoni.com.br\/2019\/wp-json\/wp\/v2\/comments?post=44290"}],"version-history":[{"count":0,"href":"https:\/\/jorgezanoni.com.br\/2019\/wp-json\/wp\/v2\/posts\/44290\/revisions"}],"wp:featuredmedia":[{"embeddable":true,"href":"https:\/\/jorgezanoni.com.br\/2019\/wp-json\/wp\/v2\/media\/44291"}],"wp:attachment":[{"href":"https:\/\/jorgezanoni.com.br\/2019\/wp-json\/wp\/v2\/media?parent=44290"}],"wp:term":[{"taxonomy":"category","embeddable":true,"href":"https:\/\/jorgezanoni.com.br\/2019\/wp-json\/wp\/v2\/categories?post=44290"},{"taxonomy":"post_tag","embeddable":true,"href":"https:\/\/jorgezanoni.com.br\/2019\/wp-json\/wp\/v2\/tags?post=44290"}],"curies":[{"name":"wp","href":"https:\/\/api.w.org\/{rel}","templated":true}]}}