{"id":44280,"date":"2021-03-08T18:59:32","date_gmt":"2021-03-08T18:59:32","guid":{"rendered":"https:\/\/jorgezanoni.com.br\/2019\/?p=44280"},"modified":"2021-03-08T18:59:32","modified_gmt":"2021-03-08T18:59:32","slug":"aviso-da-emdaep-sobre-servico-na-rede-de-agua-do-centro-da-cidade","status":"publish","type":"post","link":"https:\/\/jorgezanoni.com.br\/2019\/aviso-da-emdaep-sobre-servico-na-rede-de-agua-do-centro-da-cidade\/","title":{"rendered":"Aviso da Emdaep sobre servi\u00e7o na rede de \u00e1gua do centro da cidade"},"content":{"rendered":"<p class=\"ydpf5f9091fMsoNormal\" style=\"text-align: justify;\">Nesta ter\u00e7a-feira (9), no per\u00edodo da manh\u00e3, a equipe da Emdaep far\u00e1 o conserto de um vazamento na rede da Avenida Jos\u00e9 Bonif\u00e1cio, esquina com a Rua Duque de Caxias.<\/p>\n<p class=\"ydpf5f9091fMsoNormal\" style=\"text-align: justify;\">Poder\u00e1 faltar \u00e1gua no centro da cidade. A Emdaep manter\u00e1 plant\u00e3o de atendimento nos telefones 3821-1146 e 3821-4110.<\/p>\n<p class=\"ydpf5f9091fMsoNormal\" style=\"text-align: justify;\">AVISO \u2013 Para esta quarta-feira (10) a Elektro prev\u00ea o desligamento da energia el\u00e9trica no Bairro Santa Luzia, entre 8h30 e 10 horas. Em consequ\u00eancia, a Emdaep informa que poder\u00e1 faltar \u00e1gua no bairro.<\/p>\n<p class=\"ydpf5f9091fMsoNormal\" style=\"text-align: justify;\">Ass. Rela\u00e7\u00f5es P\u00fablicas da Emdaep<\/p>\n","protected":false},"excerpt":{"rendered":"<p>Nesta ter\u00e7a-feira (9), no per\u00edodo da manh\u00e3, a equipe da Emdaep far\u00e1 o conserto de um vazamento na rede da Avenida Jos\u00e9 Bonif\u00e1cio, esquina com a Rua Duque de Caxias. Poder\u00e1 faltar \u00e1gua no centro da cidade. A Emdaep manter\u00e1 plant\u00e3o de atendimento nos telefones 3821-1146 e 3821-4110. AVISO \u2013 Para esta quarta-feira (10) a [&hellip;]<\/p>\n","protected":false},"author":1,"featured_media":44281,"comment_status":"closed","ping_status":"open","sticky":false,"template":"","format":"standard","meta":{"footnotes":""},"categories":[179,184],"tags":[],"class_list":["post-44280","post","type-post","status-publish","format-standard","has-post-thumbnail","hentry","category-cidadeseregiao","category-dracena"],"_links":{"self":[{"href":"https:\/\/jorgezanoni.com.br\/2019\/wp-json\/wp\/v2\/posts\/44280","targetHints":{"allow":["GET"]}}],"collection":[{"href":"https:\/\/jorgezanoni.com.br\/2019\/wp-json\/wp\/v2\/posts"}],"about":[{"href":"https:\/\/jorgezanoni.com.br\/2019\/wp-json\/wp\/v2\/types\/post"}],"author":[{"embeddable":true,"href":"https:\/\/jorgezanoni.com.br\/2019\/wp-json\/wp\/v2\/users\/1"}],"replies":[{"embeddable":true,"href":"https:\/\/jorgezanoni.com.br\/2019\/wp-json\/wp\/v2\/comments?post=44280"}],"version-history":[{"count":0,"href":"https:\/\/jorgezanoni.com.br\/2019\/wp-json\/wp\/v2\/posts\/44280\/revisions"}],"wp:featuredmedia":[{"embeddable":true,"href":"https:\/\/jorgezanoni.com.br\/2019\/wp-json\/wp\/v2\/media\/44281"}],"wp:attachment":[{"href":"https:\/\/jorgezanoni.com.br\/2019\/wp-json\/wp\/v2\/media?parent=44280"}],"wp:term":[{"taxonomy":"category","embeddable":true,"href":"https:\/\/jorgezanoni.com.br\/2019\/wp-json\/wp\/v2\/categories?post=44280"},{"taxonomy":"post_tag","embeddable":true,"href":"https:\/\/jorgezanoni.com.br\/2019\/wp-json\/wp\/v2\/tags?post=44280"}],"curies":[{"name":"wp","href":"https:\/\/api.w.org\/{rel}","templated":true}]}}