{"id":44274,"date":"2021-03-08T18:11:04","date_gmt":"2021-03-08T18:11:04","guid":{"rendered":"https:\/\/jorgezanoni.com.br\/2019\/?p=44274"},"modified":"2021-03-08T18:11:04","modified_gmt":"2021-03-08T18:11:04","slug":"unifadra-recepciona-novos-alunos-de-enfermagem-e-psicologia","status":"publish","type":"post","link":"https:\/\/jorgezanoni.com.br\/2019\/unifadra-recepciona-novos-alunos-de-enfermagem-e-psicologia\/","title":{"rendered":"Unifadra recepciona novos alunos de Enfermagem e Psicologia"},"content":{"rendered":"<p dir=\"ltr\" style=\"text-align: justify;\">Os novos alunos dos cursos de Psicologia e Enfermagem da Faculdade Unifadra\/Fundec de Dracena iniciaram suas aulas na segunda-feira, dia 1\u00ba. De forma remota, em raz\u00e3o da pandemia, os estudantes tiveram uma semana com atividades especiais preparadas pelas coordena\u00e7\u00f5es.<\/p>\n<p dir=\"ltr\" style=\"text-align: justify;\">A Profa. Dra. L\u00edvia Raposo Bardy Ribeiro Prado fez a apresenta\u00e7\u00e3o das disciplinas EaD. A Profa. Dra. Vanessa Andretto e a bibliotec\u00e1ria Iuli Rossi deram as instru\u00e7\u00f5es para o uso da nova plataforma (EaD Fundec), das contas institucionais e da Biblioteca Virtual.<br \/>\nOs estudantes tamb\u00e9m puderam participar das oficinas &#8220;Desenvolvimento de Trabalhos Acad\u00eamicos&#8221;, com a Profa. Dra. Vanessa Andretto e Profa. Esp. Laizi da Silva Santos; e &#8220;Habilidades do futuro, como ser um profissional 4.0&#8221;, com a Profa. Rosana Trindade.<br \/>\nNa sexta-feira (05), os ingressantes participaram das aulas inaugurais on-line de seus cursos.<\/p>\n<p dir=\"ltr\" style=\"text-align: justify;\">A coordenadora de Psicologia Profa. Ma. Andr\u00e9a Frizo de Carvalho Barbosa ressaltou que a institui\u00e7\u00e3o tem uma grande satisfa\u00e7\u00e3o em receber os novos alunos. &#8220;No decorrer desta semana, fizemos a\u00e7\u00f5es de acolhimento aos ingressantes, juntamente com as turmas veteranas, com atividades interativas. Os alunos mostraram um pouco das suas emo\u00e7\u00f5es, sentimentos e expectativas em rela\u00e7\u00e3o ao curso, fazendo com que as atividades fossem ainda mais proveitosas&#8221;, comentou Andr\u00e9a.<br \/>\nA coordenadora de Enfermagem Profa. Dra. Lilian Carla Sossai Panicio destacou que &#8220;estamos muito felizes com o in\u00edcio das atividades do 1\u00ba termo. Nesta semana, pudemos nos encontrar virtualmente e realizar a semana de acolhimento com atividades muito especiais&#8221;.<\/p>\n<p dir=\"ltr\" style=\"text-align: justify;\">O diretor acad\u00eamico da Unifadra Prof. Dr. Enio Garbelini d\u00e1 as boas-vindas a todos os novos alunos que agora fazem parte da Unifadra e ressaltou que os estudantes participaram de diversas atividades, mostrando o preparo da institui\u00e7\u00e3o para esse momento de pandemia, e que, assim que for poss\u00edvel, voltaremos \u00e0s atividades presenciais, conforme o estabelecido no Plano S\u00e3o Paulo.<span id=\"gmail-docs-internal-guid-f0cd8c20-7fff-a026-df9f-f9f34e17e6cc\"><\/span><\/p>\n<div class=\"gmail_signature\" dir=\"ltr\">\n<div dir=\"ltr\">Carolina Colnago<br \/>\nAssistente de Comunica\u00e7\u00e3o<br \/>\nFunda\u00e7\u00e3o Dracenense de Educa\u00e7\u00e3o e Cultura<\/div>\n<\/div>\n","protected":false},"excerpt":{"rendered":"<p>Os novos alunos dos cursos de Psicologia e Enfermagem da Faculdade Unifadra\/Fundec de Dracena iniciaram suas aulas na segunda-feira, dia 1\u00ba. De forma remota, em raz\u00e3o da pandemia, os estudantes tiveram uma semana com atividades especiais preparadas pelas coordena\u00e7\u00f5es. A Profa. Dra. L\u00edvia Raposo Bardy Ribeiro Prado fez a apresenta\u00e7\u00e3o das disciplinas EaD. A Profa. [&hellip;]<\/p>\n","protected":false},"author":1,"featured_media":44275,"comment_status":"closed","ping_status":"open","sticky":false,"template":"","format":"standard","meta":{"footnotes":""},"categories":[122],"tags":[],"class_list":["post-44274","post","type-post","status-publish","format-standard","has-post-thumbnail","hentry","category-saudeeducacaoeconcurso"],"_links":{"self":[{"href":"https:\/\/jorgezanoni.com.br\/2019\/wp-json\/wp\/v2\/posts\/44274","targetHints":{"allow":["GET"]}}],"collection":[{"href":"https:\/\/jorgezanoni.com.br\/2019\/wp-json\/wp\/v2\/posts"}],"about":[{"href":"https:\/\/jorgezanoni.com.br\/2019\/wp-json\/wp\/v2\/types\/post"}],"author":[{"embeddable":true,"href":"https:\/\/jorgezanoni.com.br\/2019\/wp-json\/wp\/v2\/users\/1"}],"replies":[{"embeddable":true,"href":"https:\/\/jorgezanoni.com.br\/2019\/wp-json\/wp\/v2\/comments?post=44274"}],"version-history":[{"count":0,"href":"https:\/\/jorgezanoni.com.br\/2019\/wp-json\/wp\/v2\/posts\/44274\/revisions"}],"wp:featuredmedia":[{"embeddable":true,"href":"https:\/\/jorgezanoni.com.br\/2019\/wp-json\/wp\/v2\/media\/44275"}],"wp:attachment":[{"href":"https:\/\/jorgezanoni.com.br\/2019\/wp-json\/wp\/v2\/media?parent=44274"}],"wp:term":[{"taxonomy":"category","embeddable":true,"href":"https:\/\/jorgezanoni.com.br\/2019\/wp-json\/wp\/v2\/categories?post=44274"},{"taxonomy":"post_tag","embeddable":true,"href":"https:\/\/jorgezanoni.com.br\/2019\/wp-json\/wp\/v2\/tags?post=44274"}],"curies":[{"name":"wp","href":"https:\/\/api.w.org\/{rel}","templated":true}]}}