{"id":44258,"date":"2021-03-08T16:30:37","date_gmt":"2021-03-08T16:30:37","guid":{"rendered":"https:\/\/jorgezanoni.com.br\/2019\/?p=44258"},"modified":"2021-03-08T17:01:34","modified_gmt":"2021-03-08T17:01:34","slug":"duas-idosas-assistidas-da-casa-dos-velhos-vieram-a-obito","status":"publish","type":"post","link":"https:\/\/jorgezanoni.com.br\/2019\/duas-idosas-assistidas-da-casa-dos-velhos-vieram-a-obito\/","title":{"rendered":"Duas idosas assistidas da Casa dos Velhos de Dracena vieram a \u00f3bito"},"content":{"rendered":"<p style=\"text-align: justify;\">O Site JZ recebeu informa\u00e7\u00e3o nesta manh\u00e3 que duas mulheres de 65 M.A.L e 101 anos tamb\u00e9m M.A.L, vieram a \u00f3bito e foram sepultadas hoje \u00e0s 10 e 10:30 Horas respectivamente, no Cemit\u00e9rio Municipal de Dracena.<\/p>\n<p style=\"text-align: justify;\">Ningu\u00e9m confirmou a causa das mortes. Entramos em contato cm a diretoria da institui\u00e7\u00e3o, inclusive com seu presidente que disse n\u00e3o estar autorizado a dar informa\u00e7\u00f5es. Que est\u00e1 aguardando um parecer jur\u00eddico do advogado.<\/p>\n<p style=\"text-align: justify;\">Aguardamos mais informa\u00e7\u00f5es para divulgar a mat\u00e9ria de forma completa.<\/p>\n<p style=\"text-align: justify;\">Jorge Zanoni<\/p>\n<p>Imagem arquivo<\/p>\n<p>&nbsp;<\/p>\n<p>&nbsp;<\/p>\n","protected":false},"excerpt":{"rendered":"<p>O Site JZ recebeu informa\u00e7\u00e3o nesta manh\u00e3 que duas mulheres de 65 M.A.L e 101 anos tamb\u00e9m M.A.L, vieram a \u00f3bito e foram sepultadas hoje \u00e0s 10 e 10:30 Horas respectivamente, no Cemit\u00e9rio Municipal de Dracena. Ningu\u00e9m confirmou a causa das mortes. Entramos em contato cm a diretoria da institui\u00e7\u00e3o, inclusive com seu presidente que [&hellip;]<\/p>\n","protected":false},"author":1,"featured_media":44259,"comment_status":"closed","ping_status":"open","sticky":false,"template":"","format":"standard","meta":{"footnotes":""},"categories":[178,110],"tags":[],"class_list":["post-44258","post","type-post","status-publish","format-standard","has-post-thumbnail","hentry","category-notadefalecimento","category-noticiasdestaque"],"_links":{"self":[{"href":"https:\/\/jorgezanoni.com.br\/2019\/wp-json\/wp\/v2\/posts\/44258","targetHints":{"allow":["GET"]}}],"collection":[{"href":"https:\/\/jorgezanoni.com.br\/2019\/wp-json\/wp\/v2\/posts"}],"about":[{"href":"https:\/\/jorgezanoni.com.br\/2019\/wp-json\/wp\/v2\/types\/post"}],"author":[{"embeddable":true,"href":"https:\/\/jorgezanoni.com.br\/2019\/wp-json\/wp\/v2\/users\/1"}],"replies":[{"embeddable":true,"href":"https:\/\/jorgezanoni.com.br\/2019\/wp-json\/wp\/v2\/comments?post=44258"}],"version-history":[{"count":0,"href":"https:\/\/jorgezanoni.com.br\/2019\/wp-json\/wp\/v2\/posts\/44258\/revisions"}],"wp:featuredmedia":[{"embeddable":true,"href":"https:\/\/jorgezanoni.com.br\/2019\/wp-json\/wp\/v2\/media\/44259"}],"wp:attachment":[{"href":"https:\/\/jorgezanoni.com.br\/2019\/wp-json\/wp\/v2\/media?parent=44258"}],"wp:term":[{"taxonomy":"category","embeddable":true,"href":"https:\/\/jorgezanoni.com.br\/2019\/wp-json\/wp\/v2\/categories?post=44258"},{"taxonomy":"post_tag","embeddable":true,"href":"https:\/\/jorgezanoni.com.br\/2019\/wp-json\/wp\/v2\/tags?post=44258"}],"curies":[{"name":"wp","href":"https:\/\/api.w.org\/{rel}","templated":true}]}}