{"id":44250,"date":"2021-03-08T13:46:03","date_gmt":"2021-03-08T13:46:03","guid":{"rendered":"https:\/\/jorgezanoni.com.br\/2019\/?p=44250"},"modified":"2021-03-08T13:46:03","modified_gmt":"2021-03-08T13:46:03","slug":"42o-aniversario-de-criacao-do-25o-batalhao-de-policia-militar-do-interior","status":"publish","type":"post","link":"https:\/\/jorgezanoni.com.br\/2019\/42o-aniversario-de-criacao-do-25o-batalhao-de-policia-militar-do-interior\/","title":{"rendered":"42\u00ba Anivers\u00e1rio de Cria\u00e7\u00e3o do 25\u00ba Batalh\u00e3o de Pol\u00edcia Militar do Interior"},"content":{"rendered":"<p style=\"text-align: justify;\"><strong>\u00a0 Hoje \u00e9 um dia festivo e muito especial, pois celebramos o 42\u00ba anivers\u00e1rio de cria\u00e7\u00e3o do 25\u00ba Batalh\u00e3o de Pol\u00edcia Militar do Interior.<\/strong><\/p>\n<p style=\"text-align: justify;\">\u00a0 Criado pelo Decreto N\u00ba 13.167, de 23 de janeiro de 1979, o 25\u00ba BPM\/I, subordinado ao Comando de Policiamento do Interior &#8211; 8, foi instalado com sede f\u00edsica na cidade de Dracena oficialmente \u00e0s 17 horas do dia 08 de mar\u00e7o de 1979, em solenidade presidida pelo Coronel PM Juvenal Lopes da Silva, ent\u00e3o Comandante do Policiamento do Interior e reinaugurado no dia 11 de agosto de 2020.<\/p>\n<p style=\"text-align: justify;\">\u00a0 S\u00e3o 42 anos de relevantes servi\u00e7os prestados \u00e0 comunidade da Nova Alta Paulista, executando atividades de pol\u00edcia ostensiva e de preserva\u00e7\u00e3o da ordem p\u00fablica nos 22 munic\u00edpios que comp\u00f5em sua \u00e1rea de atendimento com extens\u00e3o territorial de 610.273 Km<sup>2<\/sup>, delimitada pelos rios Aguape\u00ed, do Peixe e Paran\u00e1, na divisa com o estado do Mato Grosso do Sul.<\/p>\n<p style=\"text-align: justify;\">O Batalh\u00e3o conta com 04 Companhias, 05 Pelot\u00f5es, sendo um de For\u00e7a T\u00e1tica, 14 Grupos de Pol\u00edcia e 01 Canil Setorial. As Companhias est\u00e3o sediadas, estrategicamente, em Dracena, Adamantina, Osvaldo Cruz e Tupi Paulista.<\/p>\n<p style=\"text-align: justify;\">\u00a0 A Unidade desenvolve ainda a\u00e7\u00f5es de responsabilidade social, como o j\u00e1 consagrado PROERD (Programa Educacional de Resist\u00eancia \u00e0s Drogas e \u00e0 Viol\u00eancia), que auxilia na forma\u00e7\u00e3o de alunos das redes p\u00fablica e particular de ensino, aplicado em todos os munic\u00edpios da \u00e1rea de atua\u00e7\u00e3o deste Batalh\u00e3o, a \u201cEscolinha de Ciclismo Mirim Calif\u00f3rnia\u201d, desenvolvido na cidade de Osvaldo Cruz a 18 anos, com objetivo principal de reduzir os n\u00fameros de crian\u00e7as envolvidas em acidentes de tr\u00e2nsito e promover a cidadania e a Escolinha de Futebol \u201cRenascer\u201d de Salmour\u00e3o com seus mais de 20 anos de exist\u00eancia, este projeto tamb\u00e9m dedicado a crian\u00e7as e adolescentes, visa apoiar a\u00e7\u00f5es educacionais, garantir o sucesso e perman\u00eancia na escola e colaborar no desenvolvimento social.<\/p>\n<p style=\"text-align: justify;\">Alinhado \u00e0 diretiva de suporte doutrin\u00e1rio do Comando da Institui\u00e7\u00e3o, na Filosofia de Pol\u00edcia Comunit\u00e1ria, no respeito aos Direitos Humanos e na Gest\u00e3o pela Qualidade, o 25\u00ba BPM\/I tem obtido e mantido resultados positivos na melhoria dos indicadores criminais, com reflexos na sensa\u00e7\u00e3o de seguran\u00e7a e na tranquilidade p\u00fablica, sendo a regi\u00e3o comparada e nivelada aos pa\u00edses de 1\u00ba mundo no quesito de seguran\u00e7a p\u00fablica de acordo com os n\u00fameros apresentados pela Secretaria de Seguran\u00e7a P\u00fablica do Estado de S\u00e3o Paulo.<\/p>\n<p style=\"text-align: justify;\">\u00a0 Todas as conquistas s\u00f3 foram poss\u00edveis gra\u00e7as ao trabalho conjunto da equipe de Oficiais e pra\u00e7as deste Batalh\u00e3o e do trabalho integrado com o Poder Judici\u00e1rio, Minist\u00e9rio P\u00fablico, Pol\u00edcia Civil, Secretaria da Administra\u00e7\u00e3o Penitenci\u00e1ria, Procuradoria do Estado, Ordem dos Advogados do Brasil, Prefeituras Municipais, C\u00e2maras Municipais, Diretores e Professores da Rede de Ensino, Imprensa e principalmente pela participa\u00e7\u00e3o ativa de cada cidad\u00e3o, representados pelos CONSEGs &#8211; Conselhos Comunit\u00e1rios de Seguran\u00e7a.<\/p>\n<p style=\"text-align: justify;\">\u00a0A Institui\u00e7\u00e3o Policia Militar do Estado de S\u00e3o Paulo, caminha altaneira na busca constante pelo aperfei\u00e7oamento e moderniza\u00e7\u00e3o. Uma Institui\u00e7\u00e3o honrada que possui este jovem filho, o 25\u00ba BPM\/I, que tem executado a sua miss\u00e3o, por meio de homens e mulheres de ontem, de hoje e do amanh\u00e3 que recebem por heran\u00e7a os valores e deveres incorrupt\u00edveis desta <strong>legi\u00e3o de idealistas<\/strong> que entregam as suas vidas para servir e proteger as pessoas.<\/p>\n<p style=\"text-align: justify;\">Parab\u00e9ns e obrigado a todos que, diuturnamente, tornam a regi\u00e3o do 25\u00ba BPM\/I a regi\u00e3o mais segura do Estado.<\/p>\n<p style=\"text-align: justify;\"><img loading=\"lazy\" decoding=\"async\" class=\"alignnone size-full wp-image-44251\" src=\"https:\/\/jorgezanoni.com.br\/2019\/wp-content\/uploads\/2021\/03\/bata.png\" alt=\"\" width=\"2042\" height=\"1413\" srcset=\"https:\/\/jorgezanoni.com.br\/2019\/wp-content\/uploads\/2021\/03\/bata.png 2042w, https:\/\/jorgezanoni.com.br\/2019\/wp-content\/uploads\/2021\/03\/bata-300x208.png 300w, https:\/\/jorgezanoni.com.br\/2019\/wp-content\/uploads\/2021\/03\/bata-1024x709.png 1024w, https:\/\/jorgezanoni.com.br\/2019\/wp-content\/uploads\/2021\/03\/bata-768x531.png 768w, https:\/\/jorgezanoni.com.br\/2019\/wp-content\/uploads\/2021\/03\/bata-1536x1063.png 1536w, https:\/\/jorgezanoni.com.br\/2019\/wp-content\/uploads\/2021\/03\/bata-100x70.png 100w, https:\/\/jorgezanoni.com.br\/2019\/wp-content\/uploads\/2021\/03\/bata-218x150.png 218w, https:\/\/jorgezanoni.com.br\/2019\/wp-content\/uploads\/2021\/03\/bata-696x482.png 696w, https:\/\/jorgezanoni.com.br\/2019\/wp-content\/uploads\/2021\/03\/bata-1068x739.png 1068w, https:\/\/jorgezanoni.com.br\/2019\/wp-content\/uploads\/2021\/03\/bata-607x420.png 607w\" sizes=\"auto, (max-width: 2042px) 100vw, 2042px\" \/><img loading=\"lazy\" decoding=\"async\" class=\"alignnone size-full wp-image-44253\" src=\"https:\/\/jorgezanoni.com.br\/2019\/wp-content\/uploads\/2021\/03\/ba1.jpg\" alt=\"\" width=\"1280\" height=\"853\" srcset=\"https:\/\/jorgezanoni.com.br\/2019\/wp-content\/uploads\/2021\/03\/ba1.jpg 1280w, https:\/\/jorgezanoni.com.br\/2019\/wp-content\/uploads\/2021\/03\/ba1-300x200.jpg 300w, https:\/\/jorgezanoni.com.br\/2019\/wp-content\/uploads\/2021\/03\/ba1-1024x682.jpg 1024w, https:\/\/jorgezanoni.com.br\/2019\/wp-content\/uploads\/2021\/03\/ba1-768x512.jpg 768w, https:\/\/jorgezanoni.com.br\/2019\/wp-content\/uploads\/2021\/03\/ba1-696x464.jpg 696w, https:\/\/jorgezanoni.com.br\/2019\/wp-content\/uploads\/2021\/03\/ba1-1068x712.jpg 1068w, https:\/\/jorgezanoni.com.br\/2019\/wp-content\/uploads\/2021\/03\/ba1-630x420.jpg 630w\" sizes=\"auto, (max-width: 1280px) 100vw, 1280px\" \/><\/p>\n<p>&nbsp;<\/p>\n<p>&nbsp;<\/p>\n","protected":false},"excerpt":{"rendered":"<p>\u00a0 Hoje \u00e9 um dia festivo e muito especial, pois celebramos o 42\u00ba anivers\u00e1rio de cria\u00e7\u00e3o do 25\u00ba Batalh\u00e3o de Pol\u00edcia Militar do Interior. \u00a0 Criado pelo Decreto N\u00ba 13.167, de 23 de janeiro de 1979, o 25\u00ba BPM\/I, subordinado ao Comando de Policiamento do Interior &#8211; 8, foi instalado com sede f\u00edsica na cidade [&hellip;]<\/p>\n","protected":false},"author":1,"featured_media":44252,"comment_status":"closed","ping_status":"open","sticky":false,"template":"","format":"standard","meta":{"footnotes":""},"categories":[110,2],"tags":[],"class_list":["post-44250","post","type-post","status-publish","format-standard","has-post-thumbnail","hentry","category-noticiasdestaque","category-policial"],"_links":{"self":[{"href":"https:\/\/jorgezanoni.com.br\/2019\/wp-json\/wp\/v2\/posts\/44250","targetHints":{"allow":["GET"]}}],"collection":[{"href":"https:\/\/jorgezanoni.com.br\/2019\/wp-json\/wp\/v2\/posts"}],"about":[{"href":"https:\/\/jorgezanoni.com.br\/2019\/wp-json\/wp\/v2\/types\/post"}],"author":[{"embeddable":true,"href":"https:\/\/jorgezanoni.com.br\/2019\/wp-json\/wp\/v2\/users\/1"}],"replies":[{"embeddable":true,"href":"https:\/\/jorgezanoni.com.br\/2019\/wp-json\/wp\/v2\/comments?post=44250"}],"version-history":[{"count":0,"href":"https:\/\/jorgezanoni.com.br\/2019\/wp-json\/wp\/v2\/posts\/44250\/revisions"}],"wp:featuredmedia":[{"embeddable":true,"href":"https:\/\/jorgezanoni.com.br\/2019\/wp-json\/wp\/v2\/media\/44252"}],"wp:attachment":[{"href":"https:\/\/jorgezanoni.com.br\/2019\/wp-json\/wp\/v2\/media?parent=44250"}],"wp:term":[{"taxonomy":"category","embeddable":true,"href":"https:\/\/jorgezanoni.com.br\/2019\/wp-json\/wp\/v2\/categories?post=44250"},{"taxonomy":"post_tag","embeddable":true,"href":"https:\/\/jorgezanoni.com.br\/2019\/wp-json\/wp\/v2\/tags?post=44250"}],"curies":[{"name":"wp","href":"https:\/\/api.w.org\/{rel}","templated":true}]}}