{"id":44247,"date":"2021-03-08T13:12:15","date_gmt":"2021-03-08T13:12:15","guid":{"rendered":"https:\/\/jorgezanoni.com.br\/2019\/?p=44247"},"modified":"2021-03-08T13:12:15","modified_gmt":"2021-03-08T13:12:15","slug":"8-de-marco-muito-alem-desta-data-para-as-mulheres","status":"publish","type":"post","link":"https:\/\/jorgezanoni.com.br\/2019\/8-de-marco-muito-alem-desta-data-para-as-mulheres\/","title":{"rendered":"8 DE MAR\u00c7O: Muito al\u00e9m desta data para as Mulheres&#8230;"},"content":{"rendered":"<p style=\"text-align: justify;\"><strong>8 DE MAR\u00c7O: MUITO AL\u00c9M DESTA DATA PARA AS MULHERES&#8230;<\/strong><\/p>\n<p style=\"text-align: justify;\"><strong><em>\u201cUltimamente ando sendo uma mulher de poucas palavras e muitos sentimentos. Por mais que minha boca permane\u00e7a muda, meu cora\u00e7\u00e3o insiste em gritar.\u201d (<\/em><\/strong><a href=\"https:\/\/www.pensador.com\/autor\/ana_carolina\/\"><strong><em>Ana Carolina<\/em><\/strong><\/a><strong><em>)<\/em><\/strong><strong><em>\u00a0<\/em><\/strong><\/p>\n<p style=\"text-align: justify;\"><strong><em>S\u00e9rgio Barbosa (*)<\/em><\/strong><\/p>\n<p style=\"text-align: justify;\">Nem sempre as DATAS de um jeito ou de outro est\u00e3o marcando ou representando aquele DIA ESPECIAL, por\u00e9m, existem uma ou outra que representa muito mais do que se espera de uma DATA COMEMORATIVA&#8230;<\/p>\n<p style=\"text-align: justify;\">Portanto, hoje, 8 DE MAR\u00c7O, pode-se registrar que \u00e9 um DIA que deve ser comemorado todos os dias do ano, ainda, sem muitas considera\u00e7\u00f5es quanto \u00e0 import\u00e2ncia de ser uma DATA e ponto quase final&#8230;<\/p>\n<p style=\"text-align: justify;\">A HIST\u00d3RIA est\u00e1 a\u00ed para ser consultada sobre os fatos que levaram a escolha deste DIA 8 DE MAR\u00c7O como DIA INTERNACIONAL DA MULHER em n\u00edvel mundial, assim, cada qual deve buscar a sua REFLEX\u00c3O sobre o cen\u00e1rio atual para todas as MULHERES neste PA\u00cdS DO FAZ DE CONTA em tempo de COISO com suas COISAS&#8230;<\/p>\n<p style=\"text-align: justify;\">Por\u00e9m, torna-se necess\u00e1rio estar em CONEX\u00c3O com o MERCADO neste tempo novo tempo, tendo em vista que a MULHER est\u00e1 cada vez mais sendo a PROTAGONISTA em diversas \u00e1reas, portanto, a VALORIZA\u00c7\u00c3O feminina est\u00e1 mais do que evidente e deve ser respeitada pelo universo masculino&#8230;<\/p>\n<p style=\"text-align: justify;\">Todavia, a maioria das ORGANIZA\u00c7\u00d5ES em n\u00edvel mundial, ainda n\u00e3o respeitam os DIREITOS da MULHER como PROFISSIONAL neste mercado global, tanto nas quest\u00f5es salariais quanto nas condi\u00e7\u00f5es de trabalho, assim, apesar do RECONHECIMENTO quanto a QUALIFICA\u00c7\u00c3O e COMPET\u00caNCIA da MULHER em tempo de p\u00f3s-globaliza\u00e7\u00e3o das organiza\u00e7\u00f5es, as mesmas continuam com os mesmos problemas de sempre quanto aos SAL\u00c1RIOS E RECONHECIMENTO PROFISSIONAL&#8230;<\/p>\n<p style=\"text-align: justify;\">Mas, como sempre, espera-se que a EXPANS\u00c3O do MERCADO em tempo de PANDEMIA, possa proporcionar novos desafios para esta MULHER que sabe o que est\u00e1 buscando nas \u00e1reas, a saber: FAMILIAR, ACAD\u00caMICA e PROFISSIONAL neste PA\u00cdS DO FAZ DE CONTA e por meio de uma perspectiva GLOCAL, ou seja, do GLOBAL para o LOCAL&#8230;<\/p>\n<p style=\"text-align: justify;\">O contexto atual para o MUNDO continua em estado de alerta neste novo tempo novo que se chama hoje, assim, MULHERES e HOMENS est\u00e3o conectados em todos os aspectos da VIDA HUMANA para um olhar al\u00e9m dos fatos do COTIDIANO nestes desencontros patrocinados pela PANDEMIA&#8230;<\/p>\n<p style=\"text-align: justify;\">A CUMPLICIDADE se torna mais do que necess\u00e1ria para um entendimento que possa ser mediado pelo papel da MULHER e de acordo com a PLURALIDADE dos NOVOS PARADIGMAS que est\u00e3o ocorrendo por meio das REDES SOCIAIS e o desenvolvimento das NOVAS TECNOLOGIAS&#8230;<\/p>\n<p style=\"text-align: justify;\">AVE MULHERES DESTE NOVO TEMPO NOVO!<\/p>\n<p style=\"text-align: justify;\">AVE MULHERES DA PROV\u00cdNCIA DO FAZ DE CONTA!<\/p>\n<p style=\"text-align: justify;\"><strong><em>_____________________________<\/em><\/strong><\/p>\n<p style=\"text-align: justify;\"><strong><em>(*) jornalista diplomado, professor universit\u00e1rio, assessor-executivo da ASSPEM- assessoria p\u00fablica e empresarial e consultor na \u00e1rea da comunica\u00e7\u00e3o organizacional.<\/em><\/strong><\/p>\n<p style=\"text-align: justify;\"><strong><em>E-MAIL: barbosa.sebar@gmail.com<\/em><\/strong><\/p>\n<p style=\"text-align: justify;\"><strong><em>\u00a0<\/em><\/strong><\/p>\n<p style=\"text-align: justify;\">\n<p>&nbsp;<\/p>\n<p>&nbsp;<\/p>\n<p>&nbsp;<\/p>\n","protected":false},"excerpt":{"rendered":"<p>8 DE MAR\u00c7O: MUITO AL\u00c9M DESTA DATA PARA AS MULHERES&#8230; \u201cUltimamente ando sendo uma mulher de poucas palavras e muitos sentimentos. Por mais que minha boca permane\u00e7a muda, meu cora\u00e7\u00e3o insiste em gritar.\u201d (Ana Carolina)\u00a0 S\u00e9rgio Barbosa (*) Nem sempre as DATAS de um jeito ou de outro est\u00e3o marcando ou representando aquele DIA ESPECIAL, [&hellip;]<\/p>\n","protected":false},"author":1,"featured_media":44248,"comment_status":"closed","ping_status":"open","sticky":false,"template":"","format":"standard","meta":{"footnotes":""},"categories":[175],"tags":[],"class_list":["post-44247","post","type-post","status-publish","format-standard","has-post-thumbnail","hentry","category-artigos"],"_links":{"self":[{"href":"https:\/\/jorgezanoni.com.br\/2019\/wp-json\/wp\/v2\/posts\/44247","targetHints":{"allow":["GET"]}}],"collection":[{"href":"https:\/\/jorgezanoni.com.br\/2019\/wp-json\/wp\/v2\/posts"}],"about":[{"href":"https:\/\/jorgezanoni.com.br\/2019\/wp-json\/wp\/v2\/types\/post"}],"author":[{"embeddable":true,"href":"https:\/\/jorgezanoni.com.br\/2019\/wp-json\/wp\/v2\/users\/1"}],"replies":[{"embeddable":true,"href":"https:\/\/jorgezanoni.com.br\/2019\/wp-json\/wp\/v2\/comments?post=44247"}],"version-history":[{"count":0,"href":"https:\/\/jorgezanoni.com.br\/2019\/wp-json\/wp\/v2\/posts\/44247\/revisions"}],"wp:featuredmedia":[{"embeddable":true,"href":"https:\/\/jorgezanoni.com.br\/2019\/wp-json\/wp\/v2\/media\/44248"}],"wp:attachment":[{"href":"https:\/\/jorgezanoni.com.br\/2019\/wp-json\/wp\/v2\/media?parent=44247"}],"wp:term":[{"taxonomy":"category","embeddable":true,"href":"https:\/\/jorgezanoni.com.br\/2019\/wp-json\/wp\/v2\/categories?post=44247"},{"taxonomy":"post_tag","embeddable":true,"href":"https:\/\/jorgezanoni.com.br\/2019\/wp-json\/wp\/v2\/tags?post=44247"}],"curies":[{"name":"wp","href":"https:\/\/api.w.org\/{rel}","templated":true}]}}