{"id":44203,"date":"2021-03-07T16:29:01","date_gmt":"2021-03-07T16:29:01","guid":{"rendered":"https:\/\/jorgezanoni.com.br\/2019\/?p=44203"},"modified":"2021-03-07T16:29:34","modified_gmt":"2021-03-07T16:29:34","slug":"paciente-curada-da-covid-relata-o-drama-e-a-fe-que-salva","status":"publish","type":"post","link":"https:\/\/jorgezanoni.com.br\/2019\/paciente-curada-da-covid-relata-o-drama-e-a-fe-que-salva\/","title":{"rendered":"Paciente curada da COVID relata o drama e a f\u00e9 que salva"},"content":{"rendered":"<p style=\"text-align: justify;\">Foram 15 dias de muito Medo&#8230;Panico mesmo!!Comecei a sentir os primeiros sintomas do Covid e j\u00e1 corri para o laborat\u00f3rio fazer exame&#8230;Depois de 20 minutos a secretaria vem com o resultado,fui testada positivo para Covid 19&#8230;Desespero total chorei muito como se estivesse recebendo meu atestado de \u00d3BITO diante da situa\u00e7\u00e3o que estamos vivendo,mesmo porque sou de risco tenho comodidades e o mais agravante sou FUMANTE!!! Mas eu sou uma pessoa de muita f\u00e9 e aos poucos fui me acalmando e aceitando que teria que ficar ISOLADADA,Sozinha mesmo porque moro sozinha!!! Deus foi t\u00e3o maravilhoso que me deu calma,serenidade e sabedoria para enfrentar esses dias de muito MEDO.Hoje gra\u00e7as a DEUS E MEISHU SAMA estou liberada do ISOLAMENTO E COM ALTA M\u00c9DICA para voltar a minha vida mais ou menos NORMAL.Estou relatando isso aqui para que as pessoas tenham consci\u00eancia que a gente pode sair CURADO DESSE VIRUS TBM,a gente tem visto muitas MORTES mas tbm tem muitos curados \ud83d\ude4f #Gratid\u00e3o primeiramente a DEUS E MEISHU SAMA por mais uma vez me proteger e aben\u00e7oar minha vida\ud83d\ude4f #Gratid\u00e3o a toda minha fam\u00edlia que com muito carinho,amor,dedica\u00e7\u00e3o e preocupa\u00e7\u00e3o mesma a dist\u00e2ncia me deram todo apoio poss\u00edvel para a minha recupera\u00e7\u00e3o\ud83d\ude4f #Gratid\u00e3o tbm a todos amigos que estiveram em ora\u00e7\u00e3o por mim\ud83d\ude4f #Gratid\u00e3o tbm ao Dr Marcelo Manzano que com todo carinho dedica\u00e7\u00e3o cuidou da minha recupera\u00e7\u00e3o \ud83d\ude4f Eu venci o Covid e vou continuar ORANDO por todos que se encontram acamados aguardando a CURA\ud83d\ude4f #esperan\u00e7adediasmelhores<\/p>\n<p style=\"text-align: justify;\">Depoimento de Sonia Maria Ortiz Felipe<\/p>\n","protected":false},"excerpt":{"rendered":"<p>Foram 15 dias de muito Medo&#8230;Panico mesmo!!Comecei a sentir os primeiros sintomas do Covid e j\u00e1 corri para o laborat\u00f3rio fazer exame&#8230;Depois de 20 minutos a secretaria vem com o resultado,fui testada positivo para Covid 19&#8230;Desespero total chorei muito como se estivesse recebendo meu atestado de \u00d3BITO diante da situa\u00e7\u00e3o que estamos vivendo,mesmo porque sou [&hellip;]<\/p>\n","protected":false},"author":1,"featured_media":44205,"comment_status":"closed","ping_status":"open","sticky":false,"template":"","format":"standard","meta":{"footnotes":""},"categories":[110,122],"tags":[],"class_list":["post-44203","post","type-post","status-publish","format-standard","has-post-thumbnail","hentry","category-noticiasdestaque","category-saudeeducacaoeconcurso"],"_links":{"self":[{"href":"https:\/\/jorgezanoni.com.br\/2019\/wp-json\/wp\/v2\/posts\/44203","targetHints":{"allow":["GET"]}}],"collection":[{"href":"https:\/\/jorgezanoni.com.br\/2019\/wp-json\/wp\/v2\/posts"}],"about":[{"href":"https:\/\/jorgezanoni.com.br\/2019\/wp-json\/wp\/v2\/types\/post"}],"author":[{"embeddable":true,"href":"https:\/\/jorgezanoni.com.br\/2019\/wp-json\/wp\/v2\/users\/1"}],"replies":[{"embeddable":true,"href":"https:\/\/jorgezanoni.com.br\/2019\/wp-json\/wp\/v2\/comments?post=44203"}],"version-history":[{"count":0,"href":"https:\/\/jorgezanoni.com.br\/2019\/wp-json\/wp\/v2\/posts\/44203\/revisions"}],"wp:featuredmedia":[{"embeddable":true,"href":"https:\/\/jorgezanoni.com.br\/2019\/wp-json\/wp\/v2\/media\/44205"}],"wp:attachment":[{"href":"https:\/\/jorgezanoni.com.br\/2019\/wp-json\/wp\/v2\/media?parent=44203"}],"wp:term":[{"taxonomy":"category","embeddable":true,"href":"https:\/\/jorgezanoni.com.br\/2019\/wp-json\/wp\/v2\/categories?post=44203"},{"taxonomy":"post_tag","embeddable":true,"href":"https:\/\/jorgezanoni.com.br\/2019\/wp-json\/wp\/v2\/tags?post=44203"}],"curies":[{"name":"wp","href":"https:\/\/api.w.org\/{rel}","templated":true}]}}