{"id":44168,"date":"2021-03-07T01:22:41","date_gmt":"2021-03-07T01:22:41","guid":{"rendered":"https:\/\/jorgezanoni.com.br\/2019\/?p=44168"},"modified":"2021-03-07T01:23:14","modified_gmt":"2021-03-07T01:23:14","slug":"secretaria-de-saude-de-dracena-que-estava-em-tratamento-da-covid-tem-alta-hospitalar","status":"publish","type":"post","link":"https:\/\/jorgezanoni.com.br\/2019\/secretaria-de-saude-de-dracena-que-estava-em-tratamento-da-covid-tem-alta-hospitalar\/","title":{"rendered":"Secret\u00e1ria de Sa\u00fade de Dracena que estava em tratamento da COVID, tem alta hospitalar"},"content":{"rendered":"<p style=\"text-align: justify;\">A Secretaria de Sa\u00fade de Dracena Rosemary Magi Fonseca Souza, que estava em tratamento da COVID, teve alta hospitalar na noite deste s\u00e1bado (6). (informa\u00e7\u00f5es da Santa Casa).<\/p>\n<p style=\"text-align: justify;\">O Prefeito Andr\u00e9 Lemos continua internado em tratamento na Santa Casa de Dracena e a Secretaria de Assuntos Jur\u00eddicos Marli Biscaino Botelho Affonso, tamb\u00e9m est\u00e1 em tratamento, por\u00e9m em sua resid\u00eancia.<\/p>\n<p>Jorge Zanoni<\/p>\n<p>&nbsp;<\/p>\n","protected":false},"excerpt":{"rendered":"<p>A Secretaria de Sa\u00fade de Dracena Rosemary Magi Fonseca Souza, que estava em tratamento da COVID, teve alta hospitalar na noite deste s\u00e1bado (6). (informa\u00e7\u00f5es da Santa Casa). O Prefeito Andr\u00e9 Lemos continua internado em tratamento na Santa Casa de Dracena e a Secretaria de Assuntos Jur\u00eddicos Marli Biscaino Botelho Affonso, tamb\u00e9m est\u00e1 em tratamento, [&hellip;]<\/p>\n","protected":false},"author":1,"featured_media":44169,"comment_status":"closed","ping_status":"open","sticky":false,"template":"","format":"standard","meta":{"footnotes":""},"categories":[110,122],"tags":[],"class_list":["post-44168","post","type-post","status-publish","format-standard","has-post-thumbnail","hentry","category-noticiasdestaque","category-saudeeducacaoeconcurso"],"_links":{"self":[{"href":"https:\/\/jorgezanoni.com.br\/2019\/wp-json\/wp\/v2\/posts\/44168","targetHints":{"allow":["GET"]}}],"collection":[{"href":"https:\/\/jorgezanoni.com.br\/2019\/wp-json\/wp\/v2\/posts"}],"about":[{"href":"https:\/\/jorgezanoni.com.br\/2019\/wp-json\/wp\/v2\/types\/post"}],"author":[{"embeddable":true,"href":"https:\/\/jorgezanoni.com.br\/2019\/wp-json\/wp\/v2\/users\/1"}],"replies":[{"embeddable":true,"href":"https:\/\/jorgezanoni.com.br\/2019\/wp-json\/wp\/v2\/comments?post=44168"}],"version-history":[{"count":0,"href":"https:\/\/jorgezanoni.com.br\/2019\/wp-json\/wp\/v2\/posts\/44168\/revisions"}],"wp:featuredmedia":[{"embeddable":true,"href":"https:\/\/jorgezanoni.com.br\/2019\/wp-json\/wp\/v2\/media\/44169"}],"wp:attachment":[{"href":"https:\/\/jorgezanoni.com.br\/2019\/wp-json\/wp\/v2\/media?parent=44168"}],"wp:term":[{"taxonomy":"category","embeddable":true,"href":"https:\/\/jorgezanoni.com.br\/2019\/wp-json\/wp\/v2\/categories?post=44168"},{"taxonomy":"post_tag","embeddable":true,"href":"https:\/\/jorgezanoni.com.br\/2019\/wp-json\/wp\/v2\/tags?post=44168"}],"curies":[{"name":"wp","href":"https:\/\/api.w.org\/{rel}","templated":true}]}}