{"id":44156,"date":"2021-03-06T21:06:41","date_gmt":"2021-03-06T21:06:41","guid":{"rendered":"https:\/\/jorgezanoni.com.br\/2019\/?p=44156"},"modified":"2021-03-06T21:06:41","modified_gmt":"2021-03-06T21:06:41","slug":"nove-pacientes-que-estavam-em-tratamento-da-covid-19-tem-alta-do-cemac","status":"publish","type":"post","link":"https:\/\/jorgezanoni.com.br\/2019\/nove-pacientes-que-estavam-em-tratamento-da-covid-19-tem-alta-do-cemac\/","title":{"rendered":"Nove pacientes que estavam em tratamento da COVID-19, tem alta do CEMAC"},"content":{"rendered":"<p style=\"text-align: justify;\">Neste s\u00e1bado (6), a boa not\u00edcia \u00e9 que nove pacientes que estavam internados em tratamento no\u00a0CEMAC (Centro Municipal de Atendimento Covid), na Rua Virgilio Pagnozzi em frente \u00e0 Santa Casa de Dracena, tiveram alta de interna\u00e7\u00e3o, por\u00e9m continuar\u00e3o o tratamento em suas resid\u00eancias.<\/p>\n<p style=\"text-align: justify;\">Todos ainda apresentam infec\u00e7\u00f5es, e continuam em acompanhamento, portanto n\u00e3o est\u00e3o totalmente curados, por\u00e9m como tiveram significativa melhora, receberam alta de interna\u00e7\u00e3o e agora diariamente ter\u00e3o que comparecer para tomar medicamentos na veia.<\/p>\n<p style=\"text-align: justify;\">A equipe comandada pela m\u00e9dica Dra. Germana Souza Infectologista, respons\u00e1vel pelos pacientes internados no CEMAC e Dr. Andr\u00e9 Monteiro, Cl\u00ednico respons\u00e1vel pelos atendimentos ambulatoriais, juntamente com todos os plantonistas, indistintamente,\u00a0 agradecem o apoio da popula\u00e7\u00e3o e as ora\u00e7\u00f5es e diante deste quadro apresentado, ganha for\u00e7as para seguir na luta.<\/p>\n<p style=\"text-align: justify;\">Lembramos que ontem participamos de uma reuni\u00e3o on line onde foram colocadas todas as dificuldades, e que ningu\u00e9m al\u00e9m da pr\u00f3pria popula\u00e7\u00e3o pode reverter esse quadro.<\/p>\n<div style=\"width: 696px;\" class=\"wp-video\"><video class=\"wp-video-shortcode\" id=\"video-44156-1\" width=\"696\" height=\"394\" preload=\"metadata\" controls=\"controls\"><source type=\"video\/mp4\" src=\"https:\/\/jorgezanoni.com.br\/2019\/wp-content\/uploads\/2021\/03\/WhatsApp-Video-2021-03-06-at-17.09.37.mp4?_=1\" \/><a href=\"https:\/\/jorgezanoni.com.br\/2019\/wp-content\/uploads\/2021\/03\/WhatsApp-Video-2021-03-06-at-17.09.37.mp4\">https:\/\/jorgezanoni.com.br\/2019\/wp-content\/uploads\/2021\/03\/WhatsApp-Video-2021-03-06-at-17.09.37.mp4<\/a><\/video><\/div>\n<p><img loading=\"lazy\" decoding=\"async\" class=\"alignnone size-full wp-image-44159\" src=\"https:\/\/jorgezanoni.com.br\/2019\/wp-content\/uploads\/2021\/03\/covid1.jpg\" alt=\"\" width=\"1280\" height=\"958\" srcset=\"https:\/\/jorgezanoni.com.br\/2019\/wp-content\/uploads\/2021\/03\/covid1.jpg 1280w, https:\/\/jorgezanoni.com.br\/2019\/wp-content\/uploads\/2021\/03\/covid1-300x225.jpg 300w, https:\/\/jorgezanoni.com.br\/2019\/wp-content\/uploads\/2021\/03\/covid1-1024x766.jpg 1024w, https:\/\/jorgezanoni.com.br\/2019\/wp-content\/uploads\/2021\/03\/covid1-768x575.jpg 768w, https:\/\/jorgezanoni.com.br\/2019\/wp-content\/uploads\/2021\/03\/covid1-80x60.jpg 80w, https:\/\/jorgezanoni.com.br\/2019\/wp-content\/uploads\/2021\/03\/covid1-265x198.jpg 265w, https:\/\/jorgezanoni.com.br\/2019\/wp-content\/uploads\/2021\/03\/covid1-696x521.jpg 696w, https:\/\/jorgezanoni.com.br\/2019\/wp-content\/uploads\/2021\/03\/covid1-1068x799.jpg 1068w, https:\/\/jorgezanoni.com.br\/2019\/wp-content\/uploads\/2021\/03\/covid1-561x420.jpg 561w\" sizes=\"auto, (max-width: 1280px) 100vw, 1280px\" \/><\/p>\n<p style=\"text-align: justify;\">Jorge Zanoni<\/p>\n<p>Video e Fotos cedidas CEMAC<\/p>\n<p>&nbsp;<\/p>\n<p>&nbsp;<\/p>\n<p>&nbsp;<\/p>\n<p>&nbsp;<\/p>\n","protected":false},"excerpt":{"rendered":"<p>Neste s\u00e1bado (6), a boa not\u00edcia \u00e9 que nove pacientes que estavam internados em tratamento no\u00a0CEMAC (Centro Municipal de Atendimento Covid), na Rua Virgilio Pagnozzi em frente \u00e0 Santa Casa de Dracena, tiveram alta de interna\u00e7\u00e3o, por\u00e9m continuar\u00e3o o tratamento em suas resid\u00eancias. Todos ainda apresentam infec\u00e7\u00f5es, e continuam em acompanhamento, portanto n\u00e3o est\u00e3o totalmente [&hellip;]<\/p>\n","protected":false},"author":1,"featured_media":44158,"comment_status":"closed","ping_status":"open","sticky":false,"template":"","format":"standard","meta":{"footnotes":""},"categories":[110,122,169],"tags":[],"class_list":["post-44156","post","type-post","status-publish","format-standard","has-post-thumbnail","hentry","category-noticiasdestaque","category-saudeeducacaoeconcurso","category-videos"],"_links":{"self":[{"href":"https:\/\/jorgezanoni.com.br\/2019\/wp-json\/wp\/v2\/posts\/44156","targetHints":{"allow":["GET"]}}],"collection":[{"href":"https:\/\/jorgezanoni.com.br\/2019\/wp-json\/wp\/v2\/posts"}],"about":[{"href":"https:\/\/jorgezanoni.com.br\/2019\/wp-json\/wp\/v2\/types\/post"}],"author":[{"embeddable":true,"href":"https:\/\/jorgezanoni.com.br\/2019\/wp-json\/wp\/v2\/users\/1"}],"replies":[{"embeddable":true,"href":"https:\/\/jorgezanoni.com.br\/2019\/wp-json\/wp\/v2\/comments?post=44156"}],"version-history":[{"count":0,"href":"https:\/\/jorgezanoni.com.br\/2019\/wp-json\/wp\/v2\/posts\/44156\/revisions"}],"wp:featuredmedia":[{"embeddable":true,"href":"https:\/\/jorgezanoni.com.br\/2019\/wp-json\/wp\/v2\/media\/44158"}],"wp:attachment":[{"href":"https:\/\/jorgezanoni.com.br\/2019\/wp-json\/wp\/v2\/media?parent=44156"}],"wp:term":[{"taxonomy":"category","embeddable":true,"href":"https:\/\/jorgezanoni.com.br\/2019\/wp-json\/wp\/v2\/categories?post=44156"},{"taxonomy":"post_tag","embeddable":true,"href":"https:\/\/jorgezanoni.com.br\/2019\/wp-json\/wp\/v2\/tags?post=44156"}],"curies":[{"name":"wp","href":"https:\/\/api.w.org\/{rel}","templated":true}]}}