{"id":44092,"date":"2021-03-06T00:57:20","date_gmt":"2021-03-06T00:57:20","guid":{"rendered":"https:\/\/jorgezanoni.com.br\/2019\/?p=44092"},"modified":"2021-03-06T00:57:20","modified_gmt":"2021-03-06T00:57:20","slug":"autoridades-fazem-apelo-a-populacao-que-colabore-para-diminuir-a-contaminacao-da-covid","status":"publish","type":"post","link":"https:\/\/jorgezanoni.com.br\/2019\/autoridades-fazem-apelo-a-populacao-que-colabore-para-diminuir-a-contaminacao-da-covid\/","title":{"rendered":"Autoridades fazem apelo \u00e0 popula\u00e7\u00e3o que colabore para diminuir a contamina\u00e7\u00e3o da COVID"},"content":{"rendered":"<div class=\"kvgmc6g5 cxmmr5t8 oygrvhab hcukyx3x c1et5uql ii04i59q\">\n<div dir=\"auto\"><strong>Colapso na Sa\u00fade continua e novas medidas ser\u00e3o tomadas.<\/strong><\/div>\n<div dir=\"auto\"><\/div>\n<\/div>\n<div class=\"o9v6fnle cxmmr5t8 oygrvhab hcukyx3x c1et5uql ii04i59q\">\n<div dir=\"auto\" style=\"text-align: justify;\">Nesta sexta-feira, autoridades locais participaram de entrevista com a imprensa, atrav\u00e9s de aplicativo de \u00e1udio e v\u00eddeo, para avaliar a situa\u00e7\u00e3o da sa\u00fade local e o surgimento de variantes da Covid-19. O encontro virtual durou cerca de duas horas.<\/div>\n<div dir=\"auto\" style=\"text-align: justify;\">As principais informa\u00e7\u00f5es foram passadas pelos promotores Ruy Bodini e Rufino Galindo Campos, m\u00e9dica Aline Damasceno, secret\u00e1ria-adjunta da Sa\u00fade, Geni Lobo Pesin e do superintendente da Santa Casa, Alessandro Mendes. Nove representantes da imprensa participaram.<\/div>\n<div dir=\"auto\" style=\"text-align: justify;\"><\/div>\n<\/div>\n<div class=\"o9v6fnle cxmmr5t8 oygrvhab hcukyx3x c1et5uql ii04i59q\" style=\"text-align: justify;\">\n<div dir=\"auto\"><strong>DOUTORA ALINE DAMASCENO \u2013 COORDENADORA DA UTI COVID<\/strong><\/div>\n<\/div>\n<div class=\"o9v6fnle cxmmr5t8 oygrvhab hcukyx3x c1et5uql ii04i59q\" style=\"text-align: justify;\">\n<div dir=\"auto\">A m\u00e9dica Aline Damasceno comentou que em fun\u00e7\u00e3o do surgimento de variantes da Covid em Dracena fez contatos com profissionais de Araraquara, Manaus e do Hospital Em\u00edlio Ribas sobre os procedimentos necess\u00e1rios. Ela lamentou que n\u00e3o h\u00e1 protocolos espec\u00edficos e o colapso da sa\u00fade j\u00e1 \u00e9 uma realidade por causa da transmiss\u00e3o mais r\u00e1pida e letalidade maior da variante. A profissional comentou: \u201cPrecisamos de uma for\u00e7a-tarefa com a popula\u00e7\u00e3o, pois se n\u00e3o houver colabora\u00e7\u00e3o de todos n\u00e3o ser\u00e1 poss\u00edvel atender, as equipes est\u00e3o cansadas e os pacientes apresentam situa\u00e7\u00e3o grave\u201d, afirmou. A m\u00e9dica ainda disse que as 10 vagas de UTI Covid est\u00e3o preenchidas e h\u00e1 cinco pacientes intubados na enfermaria e cinco na mesma situa\u00e7\u00e3o no PAM. Damasceno tamb\u00e9m falou da possibilidade de pico de casos em abril. Ela acredita que as medidas tomadas como lockdown est\u00e3o dando resultados e comentou: \u201cPrecisamos de colabora\u00e7\u00e3o, fique em casa\u201d.<\/div>\n<div dir=\"auto\">Das variantes do Covid existente, duas ainda n\u00e3o foram localizadas em Dracena.<\/div>\n<div dir=\"auto\"><\/div>\n<\/div>\n<div class=\"o9v6fnle cxmmr5t8 oygrvhab hcukyx3x c1et5uql ii04i59q\" style=\"text-align: justify;\">\n<div dir=\"auto\"><strong>GENI PESIN \u2013 SECRET\u00c1RIA-ADJUNTA DA SA\u00daDE<\/strong><\/div>\n<\/div>\n<div class=\"o9v6fnle cxmmr5t8 oygrvhab hcukyx3x c1et5uql ii04i59q\" style=\"text-align: justify;\">\n<div dir=\"auto\">A secret\u00e1ria-adjunta disse que \u00e9 o pior momento da sa\u00fade e a popula\u00e7\u00e3o precisa entender que o momento \u00e9 grave, a contamina\u00e7\u00e3o ocorre rapidamente e ningu\u00e9m pode dizer que est\u00e1 livre. Geni confirmou que a partir de segunda-feira ser\u00e1 feita uma avalia\u00e7\u00e3o dos n\u00fameros de contamina\u00e7\u00f5es para avaliar o que foi feito para avan\u00e7ar ou diminuir as restri\u00e7\u00f5es. No caso do prefeito Andr\u00e9 Lemos, que continua internado na Santa Casa, Geni garantiu que o chefe do Poder Executivo estar\u00e1 pronto para determinar novas medidas, se houver necessidade.<\/div>\n<div dir=\"auto\"><\/div>\n<\/div>\n<div class=\"o9v6fnle cxmmr5t8 oygrvhab hcukyx3x c1et5uql ii04i59q\" style=\"text-align: justify;\">\n<div dir=\"auto\"><strong>PROMOTOR RUY BODINI \u2013 REPRESENTANTE DO MINIST\u00c9RIO P\u00daBLICO<\/strong><\/div>\n<\/div>\n<div class=\"o9v6fnle cxmmr5t8 oygrvhab hcukyx3x c1et5uql ii04i59q\" style=\"text-align: justify;\">\n<div dir=\"auto\">O promotor Bodini disse que o momento \u00e9 muito complicado e o MP vem acompanhando as medidas adotadas, auxiliando na melhoria da qualidade dos servi\u00e7os. A autoridade falou que o Minist\u00e9rio P\u00fablico faz o seu papel de cobrar o poder p\u00fablico, combatendo omiss\u00e3o e poss\u00edveis irregularidades. Afirmou que percebe o empenho da Prefeitura e da Santa Casa, mas chegou-se ao ponto de que n\u00e3o h\u00e1 estrutura hospitalar suficiente e n\u00e3o haver\u00e1. \u201cAlgumas pessoas est\u00e3o fazendo pouco caso da situa\u00e7\u00e3o. N\u00e3o tem mais como cobrar o poder p\u00fablico do que est\u00e1 sendo feito\u201d, comentou. Tamb\u00e9m disse: \u201cA popula\u00e7\u00e3o vai pagar um pre\u00e7o muito alto caso n\u00e3o colabore\u201d. Tamb\u00e9m fez uma afirma\u00e7\u00e3o que n\u00e3o h\u00e1 m\u00e1gica para criar leitos e contratar profissionais. Alertou para se evitar aglomera\u00e7\u00f5es, reuni\u00f5es familiares e todos os encontros que possam provocar contamina\u00e7\u00f5es. Dependendo da evolu\u00e7\u00e3o dos casos na cidade, o promotor declarou que o MP poder\u00e1 recomendar ao poder p\u00fablico um lockdown mais extenso ou longo. Isso ser\u00e1 avaliado nos pr\u00f3ximos dias.<\/div>\n<div dir=\"auto\">Bodini criticou todo tipo de aglomera\u00e7\u00f5es e vem cobrando do poder p\u00fablico o aumento do n\u00famero de fiscais temporariamente para atender a demanda do momento, inclusive em rela\u00e7\u00e3o \u00e0s filas em bancos, lot\u00e9ricas e at\u00e9 festas clandestinas.<\/div>\n<\/div>\n<div class=\"o9v6fnle cxmmr5t8 oygrvhab hcukyx3x c1et5uql ii04i59q\" style=\"text-align: justify;\">\n<div dir=\"auto\">O promotor Rufino Campos complementou que o Minist\u00e9rio P\u00fablico vai destinar recursos oriundos de multas para a Santa Casa investir no combate ao Covid.<\/div>\n<div dir=\"auto\"><\/div>\n<div dir=\"auto\"><strong>ALESSANDRO MENDES &#8211; SUPERINTENDENTE DA SANTA CASA\u00a0<\/strong><\/div>\n<div dir=\"auto\">Apontou que est\u00e1 elevado o consumo de oxig\u00eanio no hospital, de 200 metros c\u00fabicos por dia para 800 m3. E que n\u00e3o est\u00e1 faltando o produto. Mendes garantiu que a porta de entrada das interna\u00e7\u00f5es \u00e9 o CEMAC e n\u00e3o h\u00e1 qualquer paciente oriundo de consult\u00f3rio particular ou outra unidade que fura a fila. Para ser ter uma ideia do momento, num \u00fanico dia a ambul\u00e2ncia UTI fez sete transfer\u00eancias de pacientes para outros hospitais. Alessandro disse que novos encontros com a imprensa podem ser realizados para que sejam transmitidas as informa\u00e7\u00f5es \u00e0 popula\u00e7\u00e3o.<\/div>\n<div dir=\"auto\"><\/div>\n<\/div>\n<div class=\"o9v6fnle cxmmr5t8 oygrvhab hcukyx3x c1et5uql ii04i59q\">\n<div dir=\"auto\" style=\"text-align: justify;\"><strong>PREFEITO SEGUE INTERNADO<\/strong> \u2013 Na noite desta sexta-feira o prefeito Andr\u00e9 Lemos fez uma \u2018live\u2019 de 20 minutos, mesmo estando internado na Santa Casa se recuperando da Covid. Lemos mostrou que ainda utiliza oxig\u00eanio, mas se recupera bem esperando sua alta m\u00e9dica nos pr\u00f3ximos dias. Lamentou as mortes registradas nos \u00faltimos dias. Por fim, agradeceu o apoio e orienta\u00e7\u00f5es de todos, fez uma refer\u00eancia de apoio ao ex-prefeito Juliano Bertolini, que est\u00e1 internado em Botucatu. Por fim, agradeceu as ora\u00e7\u00f5es de todos e que logo estar\u00e1 de volta \u00e0 rotina na Prefeitura.<\/div>\n<div dir=\"auto\"><img loading=\"lazy\" decoding=\"async\" class=\"alignnone size-full wp-image-44093\" src=\"https:\/\/jorgezanoni.com.br\/2019\/wp-content\/uploads\/2021\/03\/andr\u00e9-1.jpg\" alt=\"\" width=\"477\" height=\"299\" srcset=\"https:\/\/jorgezanoni.com.br\/2019\/wp-content\/uploads\/2021\/03\/andr\u00e9-1.jpg 477w, https:\/\/jorgezanoni.com.br\/2019\/wp-content\/uploads\/2021\/03\/andr\u00e9-1-300x188.jpg 300w\" sizes=\"auto, (max-width: 477px) 100vw, 477px\" \/><\/div>\n<div dir=\"auto\">Fonte: Bastidores da Noticia.<\/div>\n<div dir=\"auto\"><\/div>\n<\/div>\n<div dir=\"auto\" style=\"text-align: justify;\"><strong>O Site JZ<\/strong> participou da reuni\u00e3o na \u00edntegra, ouvindo atentamente todas as autoridades que se manifestaram, inclusive fizemos perguntas e tamb\u00e9m ouvimos perguntas de colegas da Imprensa sendo respondidas.<\/div>\n<div dir=\"auto\" style=\"text-align: justify;\"><strong>PEDIMOS ENCARECIDAMENTE<\/strong> que ningu\u00e9m abuse, que fique em casa, s\u00e3o muitas tristezas envolvidas, muitas mortes e s\u00f3 a popula\u00e7\u00e3o cada um fazendo a sua parte \u00e9 que conseguiremos reverter esse dif\u00edcil quadro.<\/div>\n<div dir=\"auto\" style=\"text-align: justify;\">Temos visto exemplo todos os dias de pais, m\u00e3es, filhos, parentes e amigos chorando a morte de seu ente querido.<\/div>\n<div dir=\"auto\" style=\"text-align: justify;\">Saibam todos que leram esta mat\u00e9ria at\u00e9 o final que \u00e9 triste quando um profissional de imprensa tem que dar essas not\u00edcias, somos questionados muitas vezes que s\u00f3 damos not\u00edcia ru\u00edm por\u00e9m \u00e9 a pr\u00f3pria situa\u00e7\u00e3o provocada por n\u00f3s &#8220;gente&#8221; que nos obriga a termos manchete ru\u00edm a cada hora que abrimos qualquer meio de informa\u00e7\u00e3o.<\/div>\n<div dir=\"auto\" style=\"text-align: justify;\">Vamos usar m\u00e1scaras, \u00e1lcool gel e fazer tudo que \u00e9 recomendado. Se vc ver um vizinho com casa cheia, aglomera\u00e7\u00e3o de qualquer tipo, seja onde for, denuncie.<\/div>\n<div dir=\"auto\" style=\"text-align: justify;\">Vamos nos unir, como se pud\u00e9ssemos vamos nos abra\u00e7armos e todos juntos cada um fazendo sua parte e cobrando o outro venceremos essa guerra.<\/div>\n<div dir=\"auto\" style=\"text-align: justify;\">Deus aben\u00e7oe a cada um que esteja lendo estas palavras, mas \u00e9 o que nos reta. <strong>UNI\u00c3O, FOR\u00c7A, F\u00c9 E ACIMA DE TUDO COMPREENS\u00c3O E RESPEITO AO PR\u00d3XIMO.<\/strong><\/div>\n<div dir=\"auto\" style=\"text-align: justify;\"><\/div>\n<div dir=\"auto\" style=\"text-align: justify;\">Jorge Zanoni<\/div>\n<div dir=\"auto\" style=\"text-align: justify;\"><\/div>\n","protected":false},"excerpt":{"rendered":"<p>Colapso na Sa\u00fade continua e novas medidas ser\u00e3o tomadas. Nesta sexta-feira, autoridades locais participaram de entrevista com a imprensa, atrav\u00e9s de aplicativo de \u00e1udio e v\u00eddeo, para avaliar a situa\u00e7\u00e3o da sa\u00fade local e o surgimento de variantes da Covid-19. O encontro virtual durou cerca de duas horas. As principais informa\u00e7\u00f5es foram passadas pelos promotores [&hellip;]<\/p>\n","protected":false},"author":1,"featured_media":44094,"comment_status":"closed","ping_status":"open","sticky":false,"template":"","format":"standard","meta":{"footnotes":""},"categories":[179,184,110,122],"tags":[],"class_list":["post-44092","post","type-post","status-publish","format-standard","has-post-thumbnail","hentry","category-cidadeseregiao","category-dracena","category-noticiasdestaque","category-saudeeducacaoeconcurso"],"_links":{"self":[{"href":"https:\/\/jorgezanoni.com.br\/2019\/wp-json\/wp\/v2\/posts\/44092","targetHints":{"allow":["GET"]}}],"collection":[{"href":"https:\/\/jorgezanoni.com.br\/2019\/wp-json\/wp\/v2\/posts"}],"about":[{"href":"https:\/\/jorgezanoni.com.br\/2019\/wp-json\/wp\/v2\/types\/post"}],"author":[{"embeddable":true,"href":"https:\/\/jorgezanoni.com.br\/2019\/wp-json\/wp\/v2\/users\/1"}],"replies":[{"embeddable":true,"href":"https:\/\/jorgezanoni.com.br\/2019\/wp-json\/wp\/v2\/comments?post=44092"}],"version-history":[{"count":0,"href":"https:\/\/jorgezanoni.com.br\/2019\/wp-json\/wp\/v2\/posts\/44092\/revisions"}],"wp:featuredmedia":[{"embeddable":true,"href":"https:\/\/jorgezanoni.com.br\/2019\/wp-json\/wp\/v2\/media\/44094"}],"wp:attachment":[{"href":"https:\/\/jorgezanoni.com.br\/2019\/wp-json\/wp\/v2\/media?parent=44092"}],"wp:term":[{"taxonomy":"category","embeddable":true,"href":"https:\/\/jorgezanoni.com.br\/2019\/wp-json\/wp\/v2\/categories?post=44092"},{"taxonomy":"post_tag","embeddable":true,"href":"https:\/\/jorgezanoni.com.br\/2019\/wp-json\/wp\/v2\/tags?post=44092"}],"curies":[{"name":"wp","href":"https:\/\/api.w.org\/{rel}","templated":true}]}}