{"id":44082,"date":"2021-03-05T14:35:00","date_gmt":"2021-03-05T14:35:00","guid":{"rendered":"https:\/\/jorgezanoni.com.br\/2019\/?p=44082"},"modified":"2021-03-05T14:35:00","modified_gmt":"2021-03-05T14:35:00","slug":"variante-p-1-e-comprovada-em-casos-de-covid-19-em-dracena","status":"publish","type":"post","link":"https:\/\/jorgezanoni.com.br\/2019\/variante-p-1-e-comprovada-em-casos-de-covid-19-em-dracena\/","title":{"rendered":"Variante P.1 \u00e9 comprovada em casos de COVID-19 em Dracena"},"content":{"rendered":"<p style=\"text-align: justify;\"><em><strong>Munic\u00edpio alerta para a gravidade ainda mais do quadro da pandemia do novo coronav\u00edrus, com a comprova\u00e7\u00e3o de 9 casos da variante observada em 10 amostras<\/strong><\/em><\/p>\n<p style=\"text-align: justify;\">O prefeito Andr\u00e9 Lemos havia solicitado para que a Secretaria Municipal de Sa\u00fade providenciasse exame visando \u00e0 investiga\u00e7\u00e3o quanto a variante P.1, com rela\u00e7\u00e3o aos casos de covid-19 no munic\u00edpio de Dracena. Atrav\u00e9s de coleta feita pelo Laborat\u00f3rio S\u00e3o Lucas, local, foram enviadas a empresa Dasa &#8211; rede de laborat\u00f3rios, em Barueri (SP), as amostras. O resultado do exame apontou que das 10 amostras analisadas, apenas uma n\u00e3o \u00e9 P.1. Esta cujo o resultado n\u00e3o comprovou a cepa o exame informou que trata-se de outras linhagens.<\/p>\n<p style=\"text-align: justify;\">A variante foi identificada pela primeira vez no in\u00edcio de janeiro, em Manaus, est\u00e1 ligada ao\u00a0aumento do n\u00famero de casos no estado do Amazonas\u00a0e, tamb\u00e9m no munic\u00edpio de Araraquara, como foi divulgado recentemente pela m\u00eddia.<\/p>\n<p style=\"text-align: justify;\">Conforme publica\u00e7\u00e3o da revista EXAME, embora existam centenas de variantes do coronav\u00edrus j\u00e1 identificadas no mundo, a variante brasileira P1 tem muta\u00e7\u00f5es que tornam o coronav\u00edrus mais contagioso e tamb\u00e9m mais resistente a anticorpos da doen\u00e7a, o que pode aumentar o n\u00famero de casos inclusive entre as pessoas que j\u00e1 se recuperaram da covid-19.<\/p>\n<p style=\"text-align: justify;\"><strong>Onde a nova variante brasileira P.1 j\u00e1 foi identificada?<\/strong><\/p>\n<p style=\"text-align: justify;\">Ainda de acordo com publica\u00e7\u00e3o feita pela revista EXAME, al\u00e9m do Amazonas, o Minist\u00e9rio da Sa\u00fade diz que a nova variante do coronav\u00edrus j\u00e1\u00a0foi identificada em nove estados, incluindo Cear\u00e1, Esp\u00edrito Santo, Par\u00e1, Para\u00edba, Piau\u00ed, Rio de Janeiro, Roraima, Santa Catarina e S\u00e3o Paulo.<\/p>\n<p style=\"text-align: justify;\">Em S\u00e3o Paulo, foram identificados casos na cidade de Araraquara, na capital paulista, em Ja\u00fa e em \u00c1guas de Lindoia.<\/p>\n<p style=\"text-align: justify;\">Fora do Brasil, a linhagem P1 j\u00e1 foi identificada em casos\u00a0em pelo menos 19 pa\u00edses\u00a0(Alemanha, B\u00e9lgica, Col\u00f4mbia, Coreia do Sul, Espanha, Estados Unidos, Fran\u00e7a, Holanda, It\u00e1lia, Jap\u00e3o, Peru, Portugal, Turquia e Venezuela).<\/p>\n<p style=\"text-align: justify;\"><strong>MUDAN\u00c7A TOTAL DE ESQUEMA DE TRABALHO NA CIDADE<\/strong><\/p>\n<p style=\"text-align: justify;\">A m\u00e9dica coordenadora da UTI COVID da Santa Casa de Dracena, Aline Damasceno informou que essa confirma\u00e7\u00e3o da P.1 na cidade muda completamente todo o esquema de trabalho. &#8220;Hoje estaremos em reuni\u00e3o o dia todo para tratar sobre isso. Iremos entrar em contato com o Hospital Em\u00edlio Ribas, procurar uma alternativa, saber um pouco mais a respeito dessa cepa. O comportamento dos pacientes, a evolu\u00e7\u00e3o da doen\u00e7a \u00e9 totalmente diferente e muito mais agressiva, isso j\u00e1 havia nos assustado com a evolu\u00e7\u00e3o dos nossos pacientes, requer um pouco mais de estudo e de cuidado da nossa parte. Vamos tentar gerar um novo plano de a\u00e7\u00e3o para poder atender esses pacientes mais precocemente para poder intervir e agora buscar informa\u00e7\u00f5es para poder montar um protocolo de atendimento para isso. Todos n\u00f3s estamos muitos cansados, \u00e9 muito complicado ver tanta gente nova morrendo. Vamos precisar preparar a equipe para atender&#8221;, explicou a m\u00e9dica.<\/p>\n<p style=\"text-align: justify;\">Ela disse mais uma vez que \u00e9 uma cepa mais agressiva, tem uma facilidade maior de dissemina\u00e7\u00e3o e uma letalidade maior pelo fato de ter mais facilidade de adentrar a c\u00e9lula humana.<\/p>\n<p style=\"text-align: justify;\">Dra. Aline concluiu fazendo um alerta: &#8220;A princ\u00edpio ainda o melhor \u00e9 o isolamento social e evitar pegar a doen\u00e7a&#8221;.<\/p>\n<p style=\"text-align: justify;\">Fonte: Diretoria de Comunica\u00e7\u00e3o Prefeitura<\/p>\n","protected":false},"excerpt":{"rendered":"<p>Munic\u00edpio alerta para a gravidade ainda mais do quadro da pandemia do novo coronav\u00edrus, com a comprova\u00e7\u00e3o de 9 casos da variante observada em 10 amostras O prefeito Andr\u00e9 Lemos havia solicitado para que a Secretaria Municipal de Sa\u00fade providenciasse exame visando \u00e0 investiga\u00e7\u00e3o quanto a variante P.1, com rela\u00e7\u00e3o aos casos de covid-19 no [&hellip;]<\/p>\n","protected":false},"author":1,"featured_media":44083,"comment_status":"closed","ping_status":"open","sticky":false,"template":"","format":"standard","meta":{"footnotes":""},"categories":[179,184,110,122],"tags":[],"class_list":["post-44082","post","type-post","status-publish","format-standard","has-post-thumbnail","hentry","category-cidadeseregiao","category-dracena","category-noticiasdestaque","category-saudeeducacaoeconcurso"],"_links":{"self":[{"href":"https:\/\/jorgezanoni.com.br\/2019\/wp-json\/wp\/v2\/posts\/44082","targetHints":{"allow":["GET"]}}],"collection":[{"href":"https:\/\/jorgezanoni.com.br\/2019\/wp-json\/wp\/v2\/posts"}],"about":[{"href":"https:\/\/jorgezanoni.com.br\/2019\/wp-json\/wp\/v2\/types\/post"}],"author":[{"embeddable":true,"href":"https:\/\/jorgezanoni.com.br\/2019\/wp-json\/wp\/v2\/users\/1"}],"replies":[{"embeddable":true,"href":"https:\/\/jorgezanoni.com.br\/2019\/wp-json\/wp\/v2\/comments?post=44082"}],"version-history":[{"count":0,"href":"https:\/\/jorgezanoni.com.br\/2019\/wp-json\/wp\/v2\/posts\/44082\/revisions"}],"wp:featuredmedia":[{"embeddable":true,"href":"https:\/\/jorgezanoni.com.br\/2019\/wp-json\/wp\/v2\/media\/44083"}],"wp:attachment":[{"href":"https:\/\/jorgezanoni.com.br\/2019\/wp-json\/wp\/v2\/media?parent=44082"}],"wp:term":[{"taxonomy":"category","embeddable":true,"href":"https:\/\/jorgezanoni.com.br\/2019\/wp-json\/wp\/v2\/categories?post=44082"},{"taxonomy":"post_tag","embeddable":true,"href":"https:\/\/jorgezanoni.com.br\/2019\/wp-json\/wp\/v2\/tags?post=44082"}],"curies":[{"name":"wp","href":"https:\/\/api.w.org\/{rel}","templated":true}]}}