{"id":44064,"date":"2021-03-05T13:47:45","date_gmt":"2021-03-05T13:47:45","guid":{"rendered":"https:\/\/jorgezanoni.com.br\/2019\/?p=44064"},"modified":"2021-03-05T13:47:45","modified_gmt":"2021-03-05T13:47:45","slug":"morre-paulo-cesar-pereira-neto-do-sr-celso-cardoso","status":"publish","type":"post","link":"https:\/\/jorgezanoni.com.br\/2019\/morre-paulo-cesar-pereira-neto-do-sr-celso-cardoso\/","title":{"rendered":"Morre Paulo C\u00e9sar Pereira, neto do sr. Celso Cardoso"},"content":{"rendered":"<p>Comunicamos com pesar o falecimento de Paulo C\u00e9sar Pereira de 37 anos. Ele estava internado na UTI da Santa Casa de Dracena em tratamento da COVID.<\/p>\n<p>Deixa a esposa Luciana, o filho Pietro, os pais Videral Francisco Pereira e C\u00e9lia Regina de Souza. \u00c9 neto do sr. Celso Cardoso de Souza.<\/p>\n<p>\u00c1 fam\u00edlia enlutada, neste dif\u00edcil momento, os sentimentos do Site JZ.<\/p>\n<p><img loading=\"lazy\" decoding=\"async\" class=\"alignnone size-full wp-image-44065\" src=\"https:\/\/jorgezanoni.com.br\/2019\/wp-content\/uploads\/2021\/03\/paulo-cesar-pereira.jpg\" alt=\"\" width=\"1280\" height=\"1085\" srcset=\"https:\/\/jorgezanoni.com.br\/2019\/wp-content\/uploads\/2021\/03\/paulo-cesar-pereira.jpg 1280w, https:\/\/jorgezanoni.com.br\/2019\/wp-content\/uploads\/2021\/03\/paulo-cesar-pereira-300x254.jpg 300w, https:\/\/jorgezanoni.com.br\/2019\/wp-content\/uploads\/2021\/03\/paulo-cesar-pereira-1024x868.jpg 1024w, https:\/\/jorgezanoni.com.br\/2019\/wp-content\/uploads\/2021\/03\/paulo-cesar-pereira-768x651.jpg 768w, https:\/\/jorgezanoni.com.br\/2019\/wp-content\/uploads\/2021\/03\/paulo-cesar-pereira-696x590.jpg 696w, https:\/\/jorgezanoni.com.br\/2019\/wp-content\/uploads\/2021\/03\/paulo-cesar-pereira-1068x905.jpg 1068w, https:\/\/jorgezanoni.com.br\/2019\/wp-content\/uploads\/2021\/03\/paulo-cesar-pereira-495x420.jpg 495w\" sizes=\"auto, (max-width: 1280px) 100vw, 1280px\" \/><\/p>\n","protected":false},"excerpt":{"rendered":"<p>Comunicamos com pesar o falecimento de Paulo C\u00e9sar Pereira de 37 anos. Ele estava internado na UTI da Santa Casa de Dracena em tratamento da COVID. Deixa a esposa Luciana, o filho Pietro, os pais Videral Francisco Pereira e C\u00e9lia Regina de Souza. \u00c9 neto do sr. Celso Cardoso de Souza. \u00c1 fam\u00edlia enlutada, neste [&hellip;]<\/p>\n","protected":false},"author":1,"featured_media":44067,"comment_status":"closed","ping_status":"open","sticky":false,"template":"","format":"standard","meta":{"footnotes":""},"categories":[178,110],"tags":[],"class_list":["post-44064","post","type-post","status-publish","format-standard","has-post-thumbnail","hentry","category-notadefalecimento","category-noticiasdestaque"],"_links":{"self":[{"href":"https:\/\/jorgezanoni.com.br\/2019\/wp-json\/wp\/v2\/posts\/44064","targetHints":{"allow":["GET"]}}],"collection":[{"href":"https:\/\/jorgezanoni.com.br\/2019\/wp-json\/wp\/v2\/posts"}],"about":[{"href":"https:\/\/jorgezanoni.com.br\/2019\/wp-json\/wp\/v2\/types\/post"}],"author":[{"embeddable":true,"href":"https:\/\/jorgezanoni.com.br\/2019\/wp-json\/wp\/v2\/users\/1"}],"replies":[{"embeddable":true,"href":"https:\/\/jorgezanoni.com.br\/2019\/wp-json\/wp\/v2\/comments?post=44064"}],"version-history":[{"count":0,"href":"https:\/\/jorgezanoni.com.br\/2019\/wp-json\/wp\/v2\/posts\/44064\/revisions"}],"wp:featuredmedia":[{"embeddable":true,"href":"https:\/\/jorgezanoni.com.br\/2019\/wp-json\/wp\/v2\/media\/44067"}],"wp:attachment":[{"href":"https:\/\/jorgezanoni.com.br\/2019\/wp-json\/wp\/v2\/media?parent=44064"}],"wp:term":[{"taxonomy":"category","embeddable":true,"href":"https:\/\/jorgezanoni.com.br\/2019\/wp-json\/wp\/v2\/categories?post=44064"},{"taxonomy":"post_tag","embeddable":true,"href":"https:\/\/jorgezanoni.com.br\/2019\/wp-json\/wp\/v2\/tags?post=44064"}],"curies":[{"name":"wp","href":"https:\/\/api.w.org\/{rel}","templated":true}]}}