{"id":44061,"date":"2021-03-05T01:48:31","date_gmt":"2021-03-05T01:48:31","guid":{"rendered":"https:\/\/jorgezanoni.com.br\/2019\/?p=44061"},"modified":"2021-03-05T01:48:31","modified_gmt":"2021-03-05T01:48:31","slug":"dracena-registra-recorde-regional-de-7-mortes-causadas-pela-covid-19-e-total-de-obitos-na-pandemia-dispara-para-85","status":"publish","type":"post","link":"https:\/\/jorgezanoni.com.br\/2019\/dracena-registra-recorde-regional-de-7-mortes-causadas-pela-covid-19-e-total-de-obitos-na-pandemia-dispara-para-85\/","title":{"rendered":"Dracena registra recorde regional de 7 mortes causadas pela Covid-19 e total de \u00f3bitos na pandemia dispara para 85"},"content":{"rendered":"<h2 class=\"content-head__subtitle\" style=\"text-align: justify;\"><strong>V\u00edtimas fatais confirmadas nesta quinta-feira (4) foram dois homens, de 71 e 86 anos, e cinco mulheres, com idades entre 61 e 83 anos.<\/strong><\/h2>\n<div class=\"mc-column content-text active-extra-styles \" data-block-type=\"unstyled\" data-block-weight=\"54\" data-block-id=\"2\">\n<p class=\"content-text__container \" style=\"text-align: justify;\" data-track-category=\"Link no Texto\" data-track-links=\"\">A Vigil\u00e2ncia Epidemiol\u00f3gica Municipal registrou nesta quinta-feira (4) as confirma\u00e7\u00f5es de mais sete mortes causadas pela Covid-19 em\u00a0<a href=\"https:\/\/g1.globo.com\/sp\/presidente-prudente-regiao\/cidade\/dracena\/\">Dracena (SP)<\/a>. Este \u00e9 o recorde de registros de mortes em um \u00fanico dia, em apenas uma cidade, desde o in\u00edcio da pandemia, entre todos os 56 munic\u00edpios que integram a regi\u00e3o de\u00a0<a href=\"https:\/\/g1.globo.com\/sp\/presidente-prudente-regiao\/cidade\/presidente-prudente\/\">Presidente Prudente (SP)<\/a>.<\/p>\n<\/div>\n<div class=\"wall protected-content\">\n<div class=\"mc-column content-text active-extra-styles \" style=\"text-align: justify;\" data-block-type=\"unstyled\" data-block-weight=\"27\" data-block-id=\"3\">\n<p class=\"content-text__container \" data-track-category=\"Link no Texto\" data-track-links=\"\">As v\u00edtimas fatais foram dois homens, de 71 e 86 anos, e cinco mulheres, sendo duas de 74 e as demais de 61, 78 e 83 anos.<\/p>\n<\/div>\n<div class=\"mc-column content-text active-extra-styles \" style=\"text-align: justify;\" data-block-type=\"unstyled\" data-block-weight=\"15\" data-block-id=\"4\">\n<p class=\"content-text__container \" data-track-category=\"Link no Texto\" data-track-links=\"\">Com isso, o total de \u00f3bitos na cidade decorrentes do novo coronav\u00edrus saltou para 85.<\/p>\n<\/div>\n<div class=\"mc-column content-text active-extra-styles \" style=\"text-align: justify;\" data-block-type=\"unstyled\" data-block-weight=\"10\" data-block-id=\"5\">\n<p class=\"content-text__container \" data-track-category=\"Link no Texto\" data-track-links=\"\">Veja as informa\u00e7\u00f5es sobre cada caso contabilizado nesta quinta-feira (4):<\/p>\n<\/div>\n<div class=\"mc-column content-text active-extra-styles \" style=\"text-align: justify;\" data-block-type=\"unstyled\" data-block-weight=\"3\" data-block-id=\"6\">\n<p class=\"content-text__container \" data-track-category=\"Link no Texto\" data-track-links=\"\"><strong>79\u00b0 \u00f3bito<\/strong><\/p>\n<\/div>\n<div class=\"mc-column content-text active-extra-styles\" style=\"text-align: justify;\" data-block-type=\"raw\" data-block-weight=\"35\" data-block-id=\"7\">\n<ul class=\"content-unordered-list\">\n<li>Homem, de 71 anos, deu entrada no Centro Municipal de Atendimento \u00e0 Covid-19 (Cemac) no dia 20 de fevereiro e faleceu no dia 22 \u00e0s 8h51. O diagn\u00f3stico para Covid-19 foi confirmado nesta quinta-feira (4).<\/li>\n<\/ul>\n<\/div>\n<div class=\"mc-column content-text active-extra-styles \" style=\"text-align: justify;\" data-block-type=\"unstyled\" data-block-weight=\"3\" data-block-id=\"8\">\n<p class=\"content-text__container \" data-track-category=\"Link no Texto\" data-track-links=\"\"><strong>80\u00b0 \u00f3bito<\/strong><\/p>\n<\/div>\n<div class=\"mc-column content-text active-extra-styles\" style=\"text-align: justify;\" data-block-type=\"raw\" data-block-weight=\"24\" data-block-id=\"9\">\n<ul class=\"content-unordered-list\">\n<li>Mulher, de 74 anos, deu entrada no Pronto Atendimento Municipal (PAM) em 27 de fevereiro, recebeu atendimento, por\u00e9m, faleceu \u00e0s 20h35 do mesmo dia.<\/li>\n<\/ul>\n<\/div>\n<div class=\"mc-column content-text active-extra-styles \" style=\"text-align: justify;\" data-block-type=\"unstyled\" data-block-weight=\"2\" data-block-id=\"10\">\n<p class=\"content-text__container \" data-track-category=\"Link no Texto\" data-track-links=\"\"><strong>81\u00b0 \u00f3bito<\/strong><\/p>\n<\/div>\n<div class=\"mc-column content-text active-extra-styles\" style=\"text-align: justify;\" data-block-type=\"raw\" data-block-weight=\"24\" data-block-id=\"11\">\n<ul class=\"content-unordered-list\">\n<li>Homem, de 86 anos, deu entrada no Pronto Atendimento Municipal em 27 de fevereiro, onde recebeu atendimento e faleceu no dia 28 \u00e0s 19h45.<\/li>\n<\/ul>\n<\/div>\n<div class=\"mc-column content-text active-extra-styles \" style=\"text-align: justify;\" data-block-type=\"unstyled\" data-block-weight=\"2\" data-block-id=\"12\">\n<p class=\"content-text__container \" data-track-category=\"Link no Texto\" data-track-links=\"\"><strong>82\u00b0 \u00f3bito<\/strong><\/p>\n<\/div>\n<div class=\"mc-column content-text active-extra-styles\" data-block-type=\"raw\" data-block-weight=\"19\" data-block-id=\"13\">\n<ul class=\"content-unordered-list\" style=\"text-align: justify;\">\n<li>Mulher, de 78 anos, deu entrada no Pronto Atendimento Municipal no dia 2 de mar\u00e7o e faleceu \u00e0s 21h38.<\/li>\n<\/ul>\n<div class=\"mc-column content-text active-extra-styles \" style=\"text-align: justify;\" data-block-type=\"unstyled\" data-block-weight=\"3\" data-block-id=\"15\">\n<p class=\"content-text__container \" data-track-category=\"Link no Texto\" data-track-links=\"\"><strong>83\u00b0 \u00f3bito<\/strong><\/p>\n<\/div>\n<div class=\"mc-column content-text active-extra-styles\" style=\"text-align: justify;\" data-block-type=\"raw\" data-block-weight=\"21\" data-block-id=\"16\">\n<ul class=\"content-unordered-list\">\n<li>Mulher, de 83 anos, estava internada na Santa Casa de Presidente Epit\u00e1cio e faleceu no dia 28 de fevereiro \u00e0s 4h11.<\/li>\n<\/ul>\n<\/div>\n<div class=\"mc-column content-text active-extra-styles \" style=\"text-align: justify;\" data-block-type=\"unstyled\" data-block-weight=\"3\" data-block-id=\"17\">\n<p class=\"content-text__container \" data-track-category=\"Link no Texto\" data-track-links=\"\"><strong>84\u00b0 \u00f3bito<\/strong><\/p>\n<\/div>\n<div class=\"mc-column content-text active-extra-styles\" style=\"text-align: justify;\" data-block-type=\"raw\" data-block-weight=\"20\" data-block-id=\"18\">\n<ul class=\"content-unordered-list\">\n<li>Mulher, de 61 anos, estava internada na Santa Casa de Adamantina e faleceu no dia 1\u00ba de mar\u00e7o \u00e0s 20h23.<\/li>\n<\/ul>\n<\/div>\n<div class=\"mc-column content-text active-extra-styles \" style=\"text-align: justify;\" data-block-type=\"unstyled\" data-block-weight=\"2\" data-block-id=\"19\">\n<p class=\"content-text__container \" data-track-category=\"Link no Texto\" data-track-links=\"\"><strong>85\u00b0 \u00f3bito<\/strong><\/p>\n<\/div>\n<div class=\"mc-column content-text active-extra-styles\" style=\"text-align: justify;\" data-block-type=\"raw\" data-block-weight=\"20\" data-block-id=\"20\">\n<ul class=\"content-unordered-list\">\n<li>Mulher, de 74 anos, estava internada no Hospital Regional (HR) de Presidente Prudente e faleceu nesta quinta-feira (4), \u00e0 1h.<\/li>\n<\/ul>\n<\/div>\n<div class=\"mc-column content-text active-extra-styles \" style=\"text-align: justify;\" data-block-type=\"unstyled\" data-block-weight=\"48\" data-block-id=\"21\">\n<p class=\"content-text__container \" data-track-category=\"Link no Texto\" data-track-links=\"\">Ainda de acordo com o boletim epidemiol\u00f3gico oficial atualizado na noite desta quinta-feira (4), Dracena registrou nas \u00faltimas 24 horas registrou 42 novos casos de Covid-19. Com isso, o total de confirmados subiu para 3.402, com 745 pacientes em isolamento domiciliar e outras 29 pessoas em tratamento hospitalar.<\/p>\n<\/div>\n<div class=\"mc-column content-text active-extra-styles \" style=\"text-align: justify;\" data-block-type=\"unstyled\" data-block-weight=\"10\" data-block-id=\"22\">\n<p class=\"content-text__container \" data-track-category=\"Link no Texto\" data-track-links=\"\">Outros 49 casos suspeitos ainda aguardam os resultados dos exames.<\/p>\n<\/div>\n<div class=\"mc-column content-text active-extra-styles \" style=\"text-align: justify;\" data-block-type=\"unstyled\" data-block-weight=\"34\" data-block-id=\"23\">\n<p class=\"content-text__container \" data-track-category=\"Link no Texto\" data-track-links=\"\">Entre os pacientes vitimados pelo novo coronav\u00edrus em Dracena, est\u00e3o\u00a0<a href=\"https:\/\/g1.globo.com\/sp\/presidente-prudente-regiao\/noticia\/2021\/03\/04\/apos-quadro-de-piora-prefeito-de-dracena-e-internado-na-santa-casa-e-colocado-no-oxigenio.ghtml\">o atual prefeito, Andr\u00e9 Kozan Lemos (PATRIOTA)<\/a>, e\u00a0<a href=\"https:\/\/g1.globo.com\/sp\/presidente-prudente-regiao\/noticia\/2021\/03\/03\/ex-prefeito-de-dracena-segue-internado-em-estado-estavel-na-uti-para-tratamento-da-covid-19.ghtml\">o antecessor dele no cargo, Juliano Brito Bertolini (PODE)<\/a>, ambos hospitalizados para o tratamento da doen\u00e7a.<\/p>\n<\/div>\n<div class=\"mc-column content-text active-extra-styles \" style=\"text-align: justify;\" data-block-type=\"unstyled\" data-block-weight=\"31\" data-block-id=\"24\">\n<p class=\"content-text__container \" data-track-category=\"Link no Texto\" data-track-links=\"\">Em entrevista ao\u00a0<strong>G1\u00a0<\/strong>no dia 17 de fevereiro, o prefeito Andr\u00e9 Kozan Lemos afirmou que\u00a0<a href=\"https:\/\/g1.globo.com\/sp\/presidente-prudente-regiao\/noticia\/2021\/02\/17\/dracena-entra-em-colapso-na-saude-e-prefeitura-decide-endurecer-restricoes-para-tentar-controlar-o-avanco-da-pandemia-da-covid-19-na-cidade.ghtml\">a cidade de Dracena entrou em colapso em decorr\u00eancia do agravamento da pandemia da Covid-19<\/a>.<\/p>\n<\/div>\n<div class=\"mc-column content-text active-extra-styles \" style=\"text-align: justify;\" data-block-type=\"unstyled\" data-block-weight=\"32\" data-block-id=\"25\">\n<p class=\"content-text__container \" data-track-category=\"Link no Texto\" data-track-links=\"\">Um decreto municipal foi elaborado com novas restri\u00e7\u00f5es impostas para tentar controlar a situa\u00e7\u00e3o da pandemia no munic\u00edpio, inclusive com a ado\u00e7\u00e3o de toque de recolher e\u00a0<em>lockdown\u00a0<\/em>aos fins de semana.<\/p>\n<\/div>\n<div class=\"mc-column content-text active-extra-styles \" data-block-type=\"unstyled\" data-block-weight=\"9\" data-block-id=\"26\">\n<p class=\"content-text__container \" style=\"text-align: justify;\" data-track-category=\"Link no Texto\" data-track-links=\"\">As visitas na penitenci\u00e1ria da cidade tamb\u00e9m foram suspensas.<\/p>\n<p style=\"text-align: justify;\" data-track-category=\"Link no Texto\" data-track-links=\"\">Fonte: G1<\/p>\n<\/div>\n<\/div>\n<div class=\"content-ads content-ads--reveal\" data-block-type=\"ads\" data-block-id=\"14\">\n<div id=\"banner_materia2\" class=\"tag-manager-publicidade-container mc-has-reveal mc-has-ad-lazyload tag-manager-publicidade-banner_materia2 tag-manager-publicidade-container--carregado tag-manager-publicidade-container--visivel\" data-id=\"banner_materia2\" data-req=\"true\" data-cid=\"null\" data-lid=\"null\" data-google-query-id=\"CNnqwciDmO8CFa8DuQYdCQwFig\"><\/div>\n<\/div>\n<div class=\"mc-column content-text active-extra-styles \" data-block-type=\"unstyled\" data-block-weight=\"9\" data-block-id=\"26\">\n<p class=\"content-text__container \" data-track-category=\"Link no Texto\" data-track-links=\"\">\n<\/div>\n<\/div>\n","protected":false},"excerpt":{"rendered":"<p>V\u00edtimas fatais confirmadas nesta quinta-feira (4) foram dois homens, de 71 e 86 anos, e cinco mulheres, com idades entre 61 e 83 anos. A Vigil\u00e2ncia Epidemiol\u00f3gica Municipal registrou nesta quinta-feira (4) as confirma\u00e7\u00f5es de mais sete mortes causadas pela Covid-19 em\u00a0Dracena (SP). Este \u00e9 o recorde de registros de mortes em um \u00fanico dia, [&hellip;]<\/p>\n","protected":false},"author":1,"featured_media":44062,"comment_status":"closed","ping_status":"open","sticky":false,"template":"","format":"standard","meta":{"footnotes":""},"categories":[178,110],"tags":[],"class_list":["post-44061","post","type-post","status-publish","format-standard","has-post-thumbnail","hentry","category-notadefalecimento","category-noticiasdestaque"],"_links":{"self":[{"href":"https:\/\/jorgezanoni.com.br\/2019\/wp-json\/wp\/v2\/posts\/44061","targetHints":{"allow":["GET"]}}],"collection":[{"href":"https:\/\/jorgezanoni.com.br\/2019\/wp-json\/wp\/v2\/posts"}],"about":[{"href":"https:\/\/jorgezanoni.com.br\/2019\/wp-json\/wp\/v2\/types\/post"}],"author":[{"embeddable":true,"href":"https:\/\/jorgezanoni.com.br\/2019\/wp-json\/wp\/v2\/users\/1"}],"replies":[{"embeddable":true,"href":"https:\/\/jorgezanoni.com.br\/2019\/wp-json\/wp\/v2\/comments?post=44061"}],"version-history":[{"count":0,"href":"https:\/\/jorgezanoni.com.br\/2019\/wp-json\/wp\/v2\/posts\/44061\/revisions"}],"wp:featuredmedia":[{"embeddable":true,"href":"https:\/\/jorgezanoni.com.br\/2019\/wp-json\/wp\/v2\/media\/44062"}],"wp:attachment":[{"href":"https:\/\/jorgezanoni.com.br\/2019\/wp-json\/wp\/v2\/media?parent=44061"}],"wp:term":[{"taxonomy":"category","embeddable":true,"href":"https:\/\/jorgezanoni.com.br\/2019\/wp-json\/wp\/v2\/categories?post=44061"},{"taxonomy":"post_tag","embeddable":true,"href":"https:\/\/jorgezanoni.com.br\/2019\/wp-json\/wp\/v2\/tags?post=44061"}],"curies":[{"name":"wp","href":"https:\/\/api.w.org\/{rel}","templated":true}]}}