{"id":44039,"date":"2021-03-04T22:00:13","date_gmt":"2021-03-04T22:00:13","guid":{"rendered":"https:\/\/jorgezanoni.com.br\/2019\/?p=44039"},"modified":"2021-03-04T22:00:13","modified_gmt":"2021-03-04T22:00:13","slug":"surto-de-covid-19-gera-transferencia-e-isolamento-de-18-idosos-de-asilo-em-dracena","status":"publish","type":"post","link":"https:\/\/jorgezanoni.com.br\/2019\/surto-de-covid-19-gera-transferencia-e-isolamento-de-18-idosos-de-asilo-em-dracena\/","title":{"rendered":"Surto de Covid-19 gera transfer\u00eancia e isolamento de 18 idosos de asilo em Dracena"},"content":{"rendered":"<h2 class=\"content-head__subtitle\" style=\"text-align: justify;\"><strong>Pacientes confirmados com a doen\u00e7a foram levados para o Projeto Quero Vida. Quatro funcion\u00e1rios da institui\u00e7\u00e3o tamb\u00e9m contra\u00edram o novo coronav\u00edrus e est\u00e3o afastados.<\/strong><\/h2>\n<div class=\"mc-column content-text active-extra-styles \" data-block-type=\"unstyled\" data-block-weight=\"46\" data-block-id=\"2\">\n<p class=\"content-text__container \" style=\"text-align: justify;\" data-track-category=\"Link no Texto\" data-track-links=\"\">Um surto de casos de Covid-19 atingiu idosos que residem no asilo denominado Casa dos Velhos, em\u00a0<a href=\"https:\/\/g1.globo.com\/sp\/presidente-prudente-regiao\/cidade\/dracena\/\">Dracena (SP)<\/a>. De acordo com o presidente da institui\u00e7\u00e3o, Valmir Gomes da Silva, 18 dos 39 idosos que vivem no local, entre homens e mulheres, contra\u00edram o novo coronav\u00edrus.<\/p>\n<\/div>\n<div class=\"wall protected-content\">\n<div class=\"mc-column content-text active-extra-styles \" style=\"text-align: justify;\" data-block-type=\"unstyled\" data-block-weight=\"33\" data-block-id=\"3\">\n<p class=\"content-text__container \" data-track-category=\"Link no Texto\" data-track-links=\"\">Silva informou que as confirma\u00e7\u00f5es foram registradas desde a \u00faltima sexta-feira (26) at\u00e9 esta quinta-feira (4). Al\u00e9m dos 18 idosos, quatro funcion\u00e1rios do asilo tamb\u00e9m receberam diagn\u00f3stico positivo para Covid-19 e est\u00e3o afastados.<\/p>\n<\/div>\n<div class=\"mc-column content-text active-extra-styles \" style=\"text-align: justify;\" data-block-type=\"unstyled\" data-block-weight=\"18\" data-block-id=\"4\">\n<p class=\"content-text__container \" data-track-category=\"Link no Texto\" data-track-links=\"\">Tudo come\u00e7ou com dois idosos que estavam indispostos e com febre. Todos foram submetidos ao teste de\u00a0<em>swab<\/em>.<\/p>\n<\/div>\n<div class=\"mc-column content-text active-extra-styles \" style=\"text-align: justify;\" data-block-type=\"unstyled\" data-block-weight=\"35\" data-block-id=\"5\">\n<p class=\"content-text__container \" data-track-category=\"Link no Texto\" data-track-links=\"\">O presidente ainda explicou que os idosos confirmados com a doen\u00e7a foram transferidos para o Projeto Quero Vida, para n\u00e3o terem contato com os demais assistidos. Eles est\u00e3o bem e acompanhados por uma equipe m\u00e9dica.<\/p>\n<\/div>\n<div class=\"mc-column content-text active-extra-styles \" style=\"text-align: justify;\" data-block-type=\"unstyled\" data-block-weight=\"35\" data-block-id=\"6\">\n<p class=\"content-text__container \" data-track-category=\"Link no Texto\" data-track-links=\"\">Conforme o presidente da Casa dos Velhos, assim que ocorreram as primeiras confirma\u00e7\u00f5es, a institui\u00e7\u00e3o procurou as Secretarias de Sa\u00fade e Assist\u00eancia Social com o objetivo de destinarem um local para isolamento dos pacientes positivados.<\/p>\n<\/div>\n<div class=\"mc-column content-text active-extra-styles \" data-block-type=\"unstyled\" data-block-weight=\"19\" data-block-id=\"7\">\n<p class=\"content-text__container \" style=\"text-align: justify;\" data-track-category=\"Link no Texto\" data-track-links=\"\">Ainda segundo Silva, todos os idosos e funcion\u00e1rios do asilo receberam as duas doses da vacina contra a Covid-19.<\/p>\n<p style=\"text-align: justify;\" data-track-category=\"Link no Texto\" data-track-links=\"\">Fonte: G1<\/p>\n<\/div>\n<\/div>\n","protected":false},"excerpt":{"rendered":"<p>Pacientes confirmados com a doen\u00e7a foram levados para o Projeto Quero Vida. Quatro funcion\u00e1rios da institui\u00e7\u00e3o tamb\u00e9m contra\u00edram o novo coronav\u00edrus e est\u00e3o afastados. Um surto de casos de Covid-19 atingiu idosos que residem no asilo denominado Casa dos Velhos, em\u00a0Dracena (SP). De acordo com o presidente da institui\u00e7\u00e3o, Valmir Gomes da Silva, 18 dos [&hellip;]<\/p>\n","protected":false},"author":1,"featured_media":44040,"comment_status":"closed","ping_status":"open","sticky":false,"template":"","format":"standard","meta":{"footnotes":""},"categories":[110,122],"tags":[],"class_list":["post-44039","post","type-post","status-publish","format-standard","has-post-thumbnail","hentry","category-noticiasdestaque","category-saudeeducacaoeconcurso"],"_links":{"self":[{"href":"https:\/\/jorgezanoni.com.br\/2019\/wp-json\/wp\/v2\/posts\/44039","targetHints":{"allow":["GET"]}}],"collection":[{"href":"https:\/\/jorgezanoni.com.br\/2019\/wp-json\/wp\/v2\/posts"}],"about":[{"href":"https:\/\/jorgezanoni.com.br\/2019\/wp-json\/wp\/v2\/types\/post"}],"author":[{"embeddable":true,"href":"https:\/\/jorgezanoni.com.br\/2019\/wp-json\/wp\/v2\/users\/1"}],"replies":[{"embeddable":true,"href":"https:\/\/jorgezanoni.com.br\/2019\/wp-json\/wp\/v2\/comments?post=44039"}],"version-history":[{"count":0,"href":"https:\/\/jorgezanoni.com.br\/2019\/wp-json\/wp\/v2\/posts\/44039\/revisions"}],"wp:featuredmedia":[{"embeddable":true,"href":"https:\/\/jorgezanoni.com.br\/2019\/wp-json\/wp\/v2\/media\/44040"}],"wp:attachment":[{"href":"https:\/\/jorgezanoni.com.br\/2019\/wp-json\/wp\/v2\/media?parent=44039"}],"wp:term":[{"taxonomy":"category","embeddable":true,"href":"https:\/\/jorgezanoni.com.br\/2019\/wp-json\/wp\/v2\/categories?post=44039"},{"taxonomy":"post_tag","embeddable":true,"href":"https:\/\/jorgezanoni.com.br\/2019\/wp-json\/wp\/v2\/tags?post=44039"}],"curies":[{"name":"wp","href":"https:\/\/api.w.org\/{rel}","templated":true}]}}