{"id":44029,"date":"2021-03-04T15:23:17","date_gmt":"2021-03-04T15:23:17","guid":{"rendered":"https:\/\/jorgezanoni.com.br\/2019\/?p=44029"},"modified":"2021-03-04T15:23:17","modified_gmt":"2021-03-04T15:23:17","slug":"carro-forte-capota-na-sp-294","status":"publish","type":"post","link":"https:\/\/jorgezanoni.com.br\/2019\/carro-forte-capota-na-sp-294\/","title":{"rendered":"Carro forte capota na SP-294"},"content":{"rendered":"<p style=\"text-align: justify;\">Um capotamento de carro forte, utilizado no transporte de valores, mobiliza a Pol\u00edcia Militar, Pol\u00edcia Militar Rodovi\u00e1ria, equipes da concession\u00e1ria que administra a rodovia e o Corpo de Bombeiros neste momento.<\/p>\n<p style=\"text-align: justify;\">As primeiras informa\u00e7\u00f5es obtidas pelo jornalismo do jornal e site Folha Regional, s\u00e3o de que o ve\u00edculo teria \u201crodado na pista\u201d e em seguida capotado indo parar em meio \u00e0 vegeta\u00e7\u00e3o de um pasto.<\/p>\n<p style=\"text-align: justify;\">O acidente aconteceu no km 598, pr\u00f3ximo ao trevo que liga a Rodovia Comandante Jo\u00e3o Ribeiro de Barros \u2013 (SP-294) \u00e0 vicinal Pl\u00e1cido Rocha.<\/p>\n<div class=\"tiled-gallery type-square\" style=\"text-align: justify;\" data-original-width=\"740\" data-carousel-extra=\"{&quot;blog_id&quot;:1,&quot;permalink&quot;:&quot;https:\\\/\\\/ifolharegional.com.br\\\/2021\\\/03\\\/04\\\/carro-forte-capota-na-sp-294\\\/&quot;,&quot;likes_blog_id&quot;:157395130}\">\n<div class=\"gallery-row\" data-original-width=\"740\" data-original-height=\"370\">\n<div class=\"gallery-group\" data-original-width=\"370\" data-original-height=\"370\">\n<div class=\"tiled-gallery-item \"><a href=\"https:\/\/ifolharegional.com.br\/2021\/03\/04\/carro-forte-capota-na-sp-294\/05-146\/\"><img loading=\"lazy\" decoding=\"async\" class=\"lazy loaded\" title=\"05\" src=\"https:\/\/i2.wp.com\/ifolharegional.com.br\/wp-content\/uploads\/2021\/03\/05-1.jpg?w=366&amp;h=366&amp;crop=1&amp;ssl=1\" alt=\"05\" width=\"366\" height=\"366\" data-attachment-id=\"34103\" data-orig-file=\"https:\/\/ifolharegional.com.br\/wp-content\/uploads\/2021\/03\/05-1.jpg\" data-orig-size=\"513,400\" data-comments-opened=\"\" data-image-meta=\"{&quot;aperture&quot;:&quot;0&quot;,&quot;credit&quot;:&quot;&quot;,&quot;camera&quot;:&quot;&quot;,&quot;caption&quot;:&quot;&quot;,&quot;created_timestamp&quot;:&quot;0&quot;,&quot;copyright&quot;:&quot;&quot;,&quot;focal_length&quot;:&quot;0&quot;,&quot;iso&quot;:&quot;0&quot;,&quot;shutter_speed&quot;:&quot;0&quot;,&quot;title&quot;:&quot;&quot;,&quot;orientation&quot;:&quot;0&quot;}\" data-image-title=\"05\" data-image-description=\"\" data-medium-file=\"https:\/\/i2.wp.com\/ifolharegional.com.br\/wp-content\/uploads\/2021\/03\/05-1.jpg?fit=300%2C234&amp;ssl=1\" data-large-file=\"https:\/\/i2.wp.com\/ifolharegional.com.br\/wp-content\/uploads\/2021\/03\/05-1.jpg?fit=513%2C400&amp;ssl=1\" data-src=\"https:\/\/i2.wp.com\/ifolharegional.com.br\/wp-content\/uploads\/2021\/03\/05-1.jpg?w=366&amp;h=366&amp;crop=1&amp;ssl=1\" data-original-width=\"366\" data-original-height=\"366\" data-was-processed=\"true\" \/><\/a><\/div>\n<\/div>\n<div class=\"gallery-group\" data-original-width=\"370\" data-original-height=\"370\">\n<div class=\"tiled-gallery-item \"><a href=\"https:\/\/ifolharegional.com.br\/2021\/03\/04\/carro-forte-capota-na-sp-294\/01-322\/\"><img loading=\"lazy\" decoding=\"async\" class=\"lazy loaded\" title=\"01\" src=\"https:\/\/i2.wp.com\/ifolharegional.com.br\/wp-content\/uploads\/2021\/03\/01-1.jpg?w=366&amp;h=366&amp;crop=1&amp;ssl=1\" alt=\"01\" width=\"366\" height=\"366\" data-attachment-id=\"34100\" data-orig-file=\"https:\/\/ifolharegional.com.br\/wp-content\/uploads\/2021\/03\/01-1.jpg\" data-orig-size=\"483,281\" data-comments-opened=\"\" data-image-meta=\"{&quot;aperture&quot;:&quot;0&quot;,&quot;credit&quot;:&quot;&quot;,&quot;camera&quot;:&quot;&quot;,&quot;caption&quot;:&quot;&quot;,&quot;created_timestamp&quot;:&quot;0&quot;,&quot;copyright&quot;:&quot;&quot;,&quot;focal_length&quot;:&quot;0&quot;,&quot;iso&quot;:&quot;0&quot;,&quot;shutter_speed&quot;:&quot;0&quot;,&quot;title&quot;:&quot;&quot;,&quot;orientation&quot;:&quot;0&quot;}\" data-image-title=\"01\" data-image-description=\"\" data-medium-file=\"https:\/\/i2.wp.com\/ifolharegional.com.br\/wp-content\/uploads\/2021\/03\/01-1.jpg?fit=300%2C175&amp;ssl=1\" data-large-file=\"https:\/\/i2.wp.com\/ifolharegional.com.br\/wp-content\/uploads\/2021\/03\/01-1.jpg?fit=483%2C281&amp;ssl=1\" data-src=\"https:\/\/i2.wp.com\/ifolharegional.com.br\/wp-content\/uploads\/2021\/03\/01-1.jpg?w=366&amp;h=366&amp;crop=1&amp;ssl=1\" data-original-width=\"366\" data-original-height=\"366\" data-was-processed=\"true\" \/><\/a><\/div>\n<\/div>\n<\/div>\n<div class=\"gallery-row\" data-original-width=\"740\" data-original-height=\"246\">\n<div class=\"gallery-group\" data-original-width=\"246\" data-original-height=\"246\">\n<div class=\"tiled-gallery-item \"><a href=\"https:\/\/ifolharegional.com.br\/2021\/03\/04\/carro-forte-capota-na-sp-294\/04-194\/\"><img loading=\"lazy\" decoding=\"async\" class=\"lazy loaded\" title=\"04\" src=\"https:\/\/i1.wp.com\/ifolharegional.com.br\/wp-content\/uploads\/2021\/03\/04-1.jpg?w=242&amp;h=242&amp;crop=1&amp;ssl=1\" alt=\"04\" width=\"242\" height=\"242\" data-attachment-id=\"34102\" data-orig-file=\"https:\/\/ifolharegional.com.br\/wp-content\/uploads\/2021\/03\/04-1.jpg\" data-orig-size=\"438,281\" data-comments-opened=\"\" data-image-meta=\"{&quot;aperture&quot;:&quot;0&quot;,&quot;credit&quot;:&quot;&quot;,&quot;camera&quot;:&quot;&quot;,&quot;caption&quot;:&quot;&quot;,&quot;created_timestamp&quot;:&quot;0&quot;,&quot;copyright&quot;:&quot;&quot;,&quot;focal_length&quot;:&quot;0&quot;,&quot;iso&quot;:&quot;0&quot;,&quot;shutter_speed&quot;:&quot;0&quot;,&quot;title&quot;:&quot;&quot;,&quot;orientation&quot;:&quot;0&quot;}\" data-image-title=\"04\" data-image-description=\"\" data-medium-file=\"https:\/\/i1.wp.com\/ifolharegional.com.br\/wp-content\/uploads\/2021\/03\/04-1.jpg?fit=300%2C192&amp;ssl=1\" data-large-file=\"https:\/\/i1.wp.com\/ifolharegional.com.br\/wp-content\/uploads\/2021\/03\/04-1.jpg?fit=438%2C281&amp;ssl=1\" data-src=\"https:\/\/i1.wp.com\/ifolharegional.com.br\/wp-content\/uploads\/2021\/03\/04-1.jpg?w=242&amp;h=242&amp;crop=1&amp;ssl=1\" data-original-width=\"242\" data-original-height=\"242\" data-was-processed=\"true\" \/><\/a><\/div>\n<\/div>\n<div class=\"gallery-group\" data-original-width=\"246\" data-original-height=\"246\">\n<div class=\"tiled-gallery-item \"><a href=\"https:\/\/ifolharegional.com.br\/2021\/03\/04\/carro-forte-capota-na-sp-294\/02-261\/\"><img loading=\"lazy\" decoding=\"async\" class=\"lazy loaded\" title=\"02\" src=\"https:\/\/i2.wp.com\/ifolharegional.com.br\/wp-content\/uploads\/2021\/03\/02-1.jpg?w=242&amp;h=242&amp;crop=1&amp;ssl=1\" alt=\"02\" width=\"242\" height=\"242\" data-attachment-id=\"34101\" data-orig-file=\"https:\/\/ifolharegional.com.br\/wp-content\/uploads\/2021\/03\/02-1.jpg\" data-orig-size=\"375,249\" data-comments-opened=\"\" data-image-meta=\"{&quot;aperture&quot;:&quot;0&quot;,&quot;credit&quot;:&quot;&quot;,&quot;camera&quot;:&quot;&quot;,&quot;caption&quot;:&quot;&quot;,&quot;created_timestamp&quot;:&quot;0&quot;,&quot;copyright&quot;:&quot;&quot;,&quot;focal_length&quot;:&quot;0&quot;,&quot;iso&quot;:&quot;0&quot;,&quot;shutter_speed&quot;:&quot;0&quot;,&quot;title&quot;:&quot;&quot;,&quot;orientation&quot;:&quot;0&quot;}\" data-image-title=\"02\" data-image-description=\"\" data-medium-file=\"https:\/\/i2.wp.com\/ifolharegional.com.br\/wp-content\/uploads\/2021\/03\/02-1.jpg?fit=300%2C199&amp;ssl=1\" data-large-file=\"https:\/\/i2.wp.com\/ifolharegional.com.br\/wp-content\/uploads\/2021\/03\/02-1.jpg?fit=375%2C249&amp;ssl=1\" data-src=\"https:\/\/i2.wp.com\/ifolharegional.com.br\/wp-content\/uploads\/2021\/03\/02-1.jpg?w=242&amp;h=242&amp;crop=1&amp;ssl=1\" data-original-width=\"242\" data-original-height=\"242\" data-was-processed=\"true\" \/><\/a><\/div>\n<\/div>\n<div class=\"gallery-group\" data-original-width=\"246\" data-original-height=\"246\">\n<div class=\"tiled-gallery-item \"><a href=\"https:\/\/ifolharegional.com.br\/2021\/03\/04\/carro-forte-capota-na-sp-294\/06-118\/\"><img loading=\"lazy\" decoding=\"async\" class=\"lazy loaded\" title=\"06\" src=\"https:\/\/i1.wp.com\/ifolharegional.com.br\/wp-content\/uploads\/2021\/03\/06-1.jpg?w=242&amp;h=242&amp;crop=1&amp;ssl=1\" alt=\"06\" width=\"242\" height=\"242\" data-attachment-id=\"34104\" data-orig-file=\"https:\/\/ifolharegional.com.br\/wp-content\/uploads\/2021\/03\/06-1.jpg\" data-orig-size=\"400,300\" data-comments-opened=\"\" data-image-meta=\"{&quot;aperture&quot;:&quot;0&quot;,&quot;credit&quot;:&quot;&quot;,&quot;camera&quot;:&quot;&quot;,&quot;caption&quot;:&quot;&quot;,&quot;created_timestamp&quot;:&quot;0&quot;,&quot;copyright&quot;:&quot;&quot;,&quot;focal_length&quot;:&quot;0&quot;,&quot;iso&quot;:&quot;0&quot;,&quot;shutter_speed&quot;:&quot;0&quot;,&quot;title&quot;:&quot;&quot;,&quot;orientation&quot;:&quot;0&quot;}\" data-image-title=\"06\" data-image-description=\"\" data-medium-file=\"https:\/\/i1.wp.com\/ifolharegional.com.br\/wp-content\/uploads\/2021\/03\/06-1.jpg?fit=300%2C225&amp;ssl=1\" data-large-file=\"https:\/\/i1.wp.com\/ifolharegional.com.br\/wp-content\/uploads\/2021\/03\/06-1.jpg?fit=400%2C300&amp;ssl=1\" data-src=\"https:\/\/i1.wp.com\/ifolharegional.com.br\/wp-content\/uploads\/2021\/03\/06-1.jpg?w=242&amp;h=242&amp;crop=1&amp;ssl=1\" data-original-width=\"242\" data-original-height=\"242\" data-was-processed=\"true\" \/><\/a><\/div>\n<\/div>\n<\/div>\n<\/div>\n<p style=\"text-align: justify;\">Ainda n\u00e3o h\u00e1 informa\u00e7\u00f5es sobre a exist\u00eancia v\u00edtimas neste acidente e nem o que teria causado o acidente.<\/p>\n<p style=\"text-align: justify;\">A nossa reportagem segue acompanhando a ocorr\u00eancia e novas informa\u00e7\u00f5es, bem como a altera\u00e7\u00e3o desta mat\u00e9ria poder\u00e3o ocorrer \u00e0 qualquer momento.<\/p>\n<p>Fonte: Folha Regional<\/p>\n","protected":false},"excerpt":{"rendered":"<p>Um capotamento de carro forte, utilizado no transporte de valores, mobiliza a Pol\u00edcia Militar, Pol\u00edcia Militar Rodovi\u00e1ria, equipes da concession\u00e1ria que administra a rodovia e o Corpo de Bombeiros neste momento. As primeiras informa\u00e7\u00f5es obtidas pelo jornalismo do jornal e site Folha Regional, s\u00e3o de que o ve\u00edculo teria \u201crodado na pista\u201d e em seguida [&hellip;]<\/p>\n","protected":false},"author":1,"featured_media":44030,"comment_status":"closed","ping_status":"open","sticky":false,"template":"","format":"standard","meta":{"footnotes":""},"categories":[170,110],"tags":[],"class_list":["post-44029","post","type-post","status-publish","format-standard","has-post-thumbnail","hentry","category-acidentes","category-noticiasdestaque"],"_links":{"self":[{"href":"https:\/\/jorgezanoni.com.br\/2019\/wp-json\/wp\/v2\/posts\/44029","targetHints":{"allow":["GET"]}}],"collection":[{"href":"https:\/\/jorgezanoni.com.br\/2019\/wp-json\/wp\/v2\/posts"}],"about":[{"href":"https:\/\/jorgezanoni.com.br\/2019\/wp-json\/wp\/v2\/types\/post"}],"author":[{"embeddable":true,"href":"https:\/\/jorgezanoni.com.br\/2019\/wp-json\/wp\/v2\/users\/1"}],"replies":[{"embeddable":true,"href":"https:\/\/jorgezanoni.com.br\/2019\/wp-json\/wp\/v2\/comments?post=44029"}],"version-history":[{"count":0,"href":"https:\/\/jorgezanoni.com.br\/2019\/wp-json\/wp\/v2\/posts\/44029\/revisions"}],"wp:featuredmedia":[{"embeddable":true,"href":"https:\/\/jorgezanoni.com.br\/2019\/wp-json\/wp\/v2\/media\/44030"}],"wp:attachment":[{"href":"https:\/\/jorgezanoni.com.br\/2019\/wp-json\/wp\/v2\/media?parent=44029"}],"wp:term":[{"taxonomy":"category","embeddable":true,"href":"https:\/\/jorgezanoni.com.br\/2019\/wp-json\/wp\/v2\/categories?post=44029"},{"taxonomy":"post_tag","embeddable":true,"href":"https:\/\/jorgezanoni.com.br\/2019\/wp-json\/wp\/v2\/tags?post=44029"}],"curies":[{"name":"wp","href":"https:\/\/api.w.org\/{rel}","templated":true}]}}