{"id":44021,"date":"2021-03-04T12:38:55","date_gmt":"2021-03-04T12:38:55","guid":{"rendered":"https:\/\/jorgezanoni.com.br\/2019\/?p=44021"},"modified":"2021-03-04T12:38:55","modified_gmt":"2021-03-04T12:38:55","slug":"prefeito-andre-lemos-necessita-de-internacao-apos-queda-de-saturacao","status":"publish","type":"post","link":"https:\/\/jorgezanoni.com.br\/2019\/prefeito-andre-lemos-necessita-de-internacao-apos-queda-de-saturacao\/","title":{"rendered":"Prefeito Andr\u00e9 Lemos necessita de interna\u00e7\u00e3o ap\u00f3s queda de satura\u00e7\u00e3o"},"content":{"rendered":"<p style=\"text-align: justify;\">O prefeito Andr\u00e9 Lemos precisou ser hospitalizado nesta quarta-feira, dia 3. Ele passou a noite na Santa Casa de Dracena, ap\u00f3s observa\u00e7\u00e3o m\u00e9dica quanto \u00e0 queda de satura\u00e7\u00e3o. Ele est\u00e1 no 10\u00b0 dia de tratamento de covid 19 e foi colocado no oxig\u00eanio, na Enfermaria Covid.<\/p>\n<p style=\"text-align: justify;\">Andr\u00e9 informou que ontem, 3, ap\u00f3s ser consultado pela infectologista Germana Souza, no Centro de Atendimento Municipal \u00e0 Covid (CEMAC) foi notado que o exame de tomografia apresentou um quadro de piora.<\/p>\n<p style=\"text-align: justify;\">A Administra\u00e7\u00e3o Municipal agradece a todos pelas ora\u00e7\u00f5es e ressalta para continuar as correntes com vibra\u00e7\u00f5es positivas.<\/p>\n<p style=\"text-align: justify;\"><strong>SECRETARIA DE SA\u00daDE E HIGIENE P\u00daBLICA<\/strong><\/p>\n<p style=\"text-align: justify;\">A secret\u00e1ria Rosemary Magi Fonseca Souza tamb\u00e9m est\u00e1 internada na Santa Casa de Dracena, na Enfermaria Covid 19. Rosemary testou positivo para covid no dia 21 de fevereiro.<\/p>\n<p style=\"text-align: justify;\"><strong>SECRETARIA DE ASSUNTOS JUR\u00cdDICOS<\/strong><\/p>\n<p style=\"text-align: justify;\">A secret\u00e1ria Marli Biscaino Botelho Allonso tamb\u00e9m testou positivo para o covid 19 nesta semana, e encontra-se em isolamento na resid\u00eancia dela.<\/p>\n<p style=\"text-align: justify;\"><strong>SECRET\u00c1RIO DE CULTURA\u00a0 E TURISMO<\/strong><\/p>\n<p style=\"text-align: justify;\">O secret\u00e1rio Douglas Carvalho de Souza que tamb\u00e9m testou positivo para o covid 19, ap\u00f3s um per\u00edodo de interna\u00e7\u00e3o na Santa Casa de Tupi Paulista j\u00e1 est\u00e1 fora do per\u00edodo de transmiss\u00e3o da doen\u00e7a, retomar\u00e1 a atividade a frente da pasta nesta pr\u00f3xima semana.<\/p>\n<p style=\"text-align: justify;\">Fonte: Diretoria de Comunica\u00e7\u00e3o Prefeitura<\/p>\n","protected":false},"excerpt":{"rendered":"<p>O prefeito Andr\u00e9 Lemos precisou ser hospitalizado nesta quarta-feira, dia 3. Ele passou a noite na Santa Casa de Dracena, ap\u00f3s observa\u00e7\u00e3o m\u00e9dica quanto \u00e0 queda de satura\u00e7\u00e3o. Ele est\u00e1 no 10\u00b0 dia de tratamento de covid 19 e foi colocado no oxig\u00eanio, na Enfermaria Covid. Andr\u00e9 informou que ontem, 3, ap\u00f3s ser consultado pela [&hellip;]<\/p>\n","protected":false},"author":1,"featured_media":44022,"comment_status":"closed","ping_status":"open","sticky":false,"template":"","format":"standard","meta":{"footnotes":""},"categories":[179,184,110,116],"tags":[],"class_list":["post-44021","post","type-post","status-publish","format-standard","has-post-thumbnail","hentry","category-cidadeseregiao","category-dracena","category-noticiasdestaque","category-politicaeeconomia"],"_links":{"self":[{"href":"https:\/\/jorgezanoni.com.br\/2019\/wp-json\/wp\/v2\/posts\/44021","targetHints":{"allow":["GET"]}}],"collection":[{"href":"https:\/\/jorgezanoni.com.br\/2019\/wp-json\/wp\/v2\/posts"}],"about":[{"href":"https:\/\/jorgezanoni.com.br\/2019\/wp-json\/wp\/v2\/types\/post"}],"author":[{"embeddable":true,"href":"https:\/\/jorgezanoni.com.br\/2019\/wp-json\/wp\/v2\/users\/1"}],"replies":[{"embeddable":true,"href":"https:\/\/jorgezanoni.com.br\/2019\/wp-json\/wp\/v2\/comments?post=44021"}],"version-history":[{"count":0,"href":"https:\/\/jorgezanoni.com.br\/2019\/wp-json\/wp\/v2\/posts\/44021\/revisions"}],"wp:featuredmedia":[{"embeddable":true,"href":"https:\/\/jorgezanoni.com.br\/2019\/wp-json\/wp\/v2\/media\/44022"}],"wp:attachment":[{"href":"https:\/\/jorgezanoni.com.br\/2019\/wp-json\/wp\/v2\/media?parent=44021"}],"wp:term":[{"taxonomy":"category","embeddable":true,"href":"https:\/\/jorgezanoni.com.br\/2019\/wp-json\/wp\/v2\/categories?post=44021"},{"taxonomy":"post_tag","embeddable":true,"href":"https:\/\/jorgezanoni.com.br\/2019\/wp-json\/wp\/v2\/tags?post=44021"}],"curies":[{"name":"wp","href":"https:\/\/api.w.org\/{rel}","templated":true}]}}