{"id":43987,"date":"2021-03-03T18:31:00","date_gmt":"2021-03-03T18:31:00","guid":{"rendered":"https:\/\/jorgezanoni.com.br\/2019\/?p=43987"},"modified":"2021-03-03T18:40:03","modified_gmt":"2021-03-03T18:40:03","slug":"moradora-de-dracena-protocola-pedido-na-camara-municipal-denunciando-a-vereadora-sara-scarabelli","status":"publish","type":"post","link":"https:\/\/jorgezanoni.com.br\/2019\/moradora-de-dracena-protocola-pedido-na-camara-municipal-denunciando-a-vereadora-sara-scarabelli\/","title":{"rendered":"Moradora de Dracena protocola pedido na C\u00e2mara Municipal denunciando a Vereadora Sara Scarabelli"},"content":{"rendered":"<p style=\"text-align: justify;\">A moradora de Dracena, senhora Gabriela Rodrigues Gon\u00e7alves, protocolou na C\u00e2mara Municipal de Dracena, \u00e0s 13:47 de hoje (3), den\u00fancia no caso de Isolamento que envolve a Vereadora Sara dos Santos Scarabelli de Souza (PODE).<\/p>\n<p style=\"text-align: justify;\">Na den\u00fancia, <strong>a moradora garante que a viu no Supermercado Prata, \u00e0s<\/strong> <strong>12:00 horas do dia 23\/02\/2021<\/strong>. Conforme o documento de alta apresentada pela Vereadora que tamb\u00e9m \u00e9 do dia <strong>23\/02\/2021 o fato aconteceu \u00e0s 14:09 Horas<\/strong>, ou seja, se a infra\u00e7\u00e3o for provada, ficar\u00e1 comprovado que a Vereadora desrespeitou o Isolamento Social, colocando a sa\u00fade de outras pessoas em risco.<\/p>\n<p style=\"text-align: justify;\">Resta agora o Presidente da C\u00e2mara Municipal acatar o pedido da moradora e tomar as devidas provid\u00eancias quanto a investiga\u00e7\u00e3o verdadeira do caso.<\/p>\n<p style=\"text-align: justify;\">O Site JZ continuar\u00e1 acompanhando o caso.<\/p>\n<p>Jorge Zanoni<\/p>\n<p><strong>VEJA OS DOCUMENTOS:<\/strong><\/p>\n<p><img loading=\"lazy\" decoding=\"async\" class=\"alignnone size-full wp-image-43988\" src=\"https:\/\/jorgezanoni.com.br\/2019\/wp-content\/uploads\/2021\/03\/Moradora.jpg\" alt=\"\" width=\"711\" height=\"963\" srcset=\"https:\/\/jorgezanoni.com.br\/2019\/wp-content\/uploads\/2021\/03\/Moradora.jpg 711w, https:\/\/jorgezanoni.com.br\/2019\/wp-content\/uploads\/2021\/03\/Moradora-221x300.jpg 221w, https:\/\/jorgezanoni.com.br\/2019\/wp-content\/uploads\/2021\/03\/Moradora-696x943.jpg 696w, https:\/\/jorgezanoni.com.br\/2019\/wp-content\/uploads\/2021\/03\/Moradora-310x420.jpg 310w\" sizes=\"auto, (max-width: 711px) 100vw, 711px\" \/><img loading=\"lazy\" decoding=\"async\" class=\"alignnone size-full wp-image-43989\" src=\"https:\/\/jorgezanoni.com.br\/2019\/wp-content\/uploads\/2021\/03\/moradora1.jpg\" alt=\"\" width=\"586\" height=\"960\" srcset=\"https:\/\/jorgezanoni.com.br\/2019\/wp-content\/uploads\/2021\/03\/moradora1.jpg 586w, https:\/\/jorgezanoni.com.br\/2019\/wp-content\/uploads\/2021\/03\/moradora1-183x300.jpg 183w, https:\/\/jorgezanoni.com.br\/2019\/wp-content\/uploads\/2021\/03\/moradora1-256x420.jpg 256w\" sizes=\"auto, (max-width: 586px) 100vw, 586px\" \/><\/p>\n","protected":false},"excerpt":{"rendered":"<p>A moradora de Dracena, senhora Gabriela Rodrigues Gon\u00e7alves, protocolou na C\u00e2mara Municipal de Dracena, \u00e0s 13:47 de hoje (3), den\u00fancia no caso de Isolamento que envolve a Vereadora Sara dos Santos Scarabelli de Souza (PODE). Na den\u00fancia, a moradora garante que a viu no Supermercado Prata, \u00e0s 12:00 horas do dia 23\/02\/2021. Conforme o documento [&hellip;]<\/p>\n","protected":false},"author":1,"featured_media":43990,"comment_status":"closed","ping_status":"open","sticky":false,"template":"","format":"standard","meta":{"footnotes":""},"categories":[110,116],"tags":[],"class_list":["post-43987","post","type-post","status-publish","format-standard","has-post-thumbnail","hentry","category-noticiasdestaque","category-politicaeeconomia"],"_links":{"self":[{"href":"https:\/\/jorgezanoni.com.br\/2019\/wp-json\/wp\/v2\/posts\/43987","targetHints":{"allow":["GET"]}}],"collection":[{"href":"https:\/\/jorgezanoni.com.br\/2019\/wp-json\/wp\/v2\/posts"}],"about":[{"href":"https:\/\/jorgezanoni.com.br\/2019\/wp-json\/wp\/v2\/types\/post"}],"author":[{"embeddable":true,"href":"https:\/\/jorgezanoni.com.br\/2019\/wp-json\/wp\/v2\/users\/1"}],"replies":[{"embeddable":true,"href":"https:\/\/jorgezanoni.com.br\/2019\/wp-json\/wp\/v2\/comments?post=43987"}],"version-history":[{"count":0,"href":"https:\/\/jorgezanoni.com.br\/2019\/wp-json\/wp\/v2\/posts\/43987\/revisions"}],"wp:featuredmedia":[{"embeddable":true,"href":"https:\/\/jorgezanoni.com.br\/2019\/wp-json\/wp\/v2\/media\/43990"}],"wp:attachment":[{"href":"https:\/\/jorgezanoni.com.br\/2019\/wp-json\/wp\/v2\/media?parent=43987"}],"wp:term":[{"taxonomy":"category","embeddable":true,"href":"https:\/\/jorgezanoni.com.br\/2019\/wp-json\/wp\/v2\/categories?post=43987"},{"taxonomy":"post_tag","embeddable":true,"href":"https:\/\/jorgezanoni.com.br\/2019\/wp-json\/wp\/v2\/tags?post=43987"}],"curies":[{"name":"wp","href":"https:\/\/api.w.org\/{rel}","templated":true}]}}