{"id":43976,"date":"2021-03-03T17:03:45","date_gmt":"2021-03-03T17:03:45","guid":{"rendered":"https:\/\/jorgezanoni.com.br\/2019\/?p=43976"},"modified":"2021-03-03T17:04:38","modified_gmt":"2021-03-03T17:04:38","slug":"apos-8-anos-sem-o-servico-prefeitura-e-santa-casa-de-dracena-retomam-cirurgia-eletivas-e-pequenas-cirurgias","status":"publish","type":"post","link":"https:\/\/jorgezanoni.com.br\/2019\/apos-8-anos-sem-o-servico-prefeitura-e-santa-casa-de-dracena-retomam-cirurgia-eletivas-e-pequenas-cirurgias\/","title":{"rendered":"Ap\u00f3s 8 anos sem o servi\u00e7o, Prefeitura e Santa Casa de Dracena retomam Cirurgia Eletivas e Pequenas Cirurgias"},"content":{"rendered":"<p style=\"text-align: justify;\"><strong><em>Os beneficiados s\u00e3o moradores de Dracena com a ordem sequencial organizada pela Secretaria Municipal de Sa\u00fade e Higiene P\u00fablica.<\/em><\/strong><strong>\u00a0<\/strong><\/p>\n<p style=\"text-align: justify;\">O munic\u00edpio de Dracena e a Santa Casa local assinaram no dia 12 de fevereiro, conv\u00eanio restabelecendo servi\u00e7o de cirurgia geral, que incluem cirurgias eletivas e pequenas cirurgias. O servi\u00e7o de cirurgias eletivas na rede p\u00fablica municipal de sa\u00fade n\u00e3o era mais realizado na cidade h\u00e1 8 anos, associada a demanda crescente, ocasionando, principalmente um estoque de cirurgias eletivas sem precedentes, que sem a aten\u00e7\u00e3o tem como evolu\u00e7\u00e3o o agravamento.<\/p>\n<p style=\"text-align: justify;\">O servi\u00e7o conveniado passou a ser executado desde segunda-feira, dia 15de fevereiro, pelo prazo de 12 meses, com a previs\u00e3o de realiza\u00e7\u00e3o de 480 cirurgias no total, sendo 40 cirurgias eletivas por m\u00eas e 80 pequenas cirurgias.<\/p>\n<p style=\"text-align: justify;\">O valor do conv\u00eanio anual ser\u00e1 de R$ 600 mil, com recursos pr\u00f3prios da Prefeitura, para realiza\u00e7\u00e3o de cirurgias na especialidade de cirurgia geral, como ves\u00edcula, h\u00e9rnia, fimose, fissura anal, hemorroida, entre outras.<\/p>\n<p style=\"text-align: justify;\">Ser\u00e3o atendidos os pacientes moradores de Dracena, com a ordem sequencial organizada pela Secretaria Municipal de Sa\u00fade e Higiene P\u00fablica.<\/p>\n<p style=\"text-align: justify;\">A Santa Casa tem a equipe de cirurgi\u00f5es composta pelos m\u00e9dicos Aline Damasceno de Avance; Jos\u00e9 Roberto Teixeira J\u00fanior e Jo\u00e3o Paulo Senerini; os m\u00e9dicos anestesistas s\u00e3o Paulo Celso Osaki; Jo\u00e3o Gabriel de Oliveira Lima Aguiar Ayres; Vinicius Assen\u00e7o Alves dos Santos e Dalton Kenji Watanabe.<\/p>\n<p style=\"text-align: justify;\">Com o conv\u00eanio ficou ajustado m\u00e9dico da cl\u00ednica cir\u00fargica plantonista, cirurgi\u00e3o geral em tempo integral pelo sistema misto \u00e0 disponibilidade no per\u00edodo noturno ou presencial no per\u00edodo diurno, com suporte ao Pronto Atendimento Municipal de Dracena, que ao surgirem casos de pacientes que necessitem do atendimento de cirurgi\u00e3o geral no PAM, o m\u00e9dico plantonista cirurgi\u00e3o geral do hospital prestar\u00e1 o servi\u00e7o de suporte ao PAM para a primeira avalia\u00e7\u00e3o, transferindo, sendo o caso, o paciente para passar pelo procedimento na Santa Casa. At\u00e9 ent\u00e3o, essa especialidade de cirurgia geral estava com lacunas na escala mensal.<\/p>\n<p style=\"text-align: justify;\">\u201cSabemos a import\u00e2ncia e da necessidade de ter um profissional m\u00e9dico para oferecer suporte aos atendimentos do Pronto Atendimento, todos os dias, 24 horas por dia, porque os casos de urg\u00eancia e emerg\u00eancia n\u00e3o esperam\u201d, frisou o prefeito Andr\u00e9 Lemos.<\/p>\n<p style=\"text-align: justify;\">Com o suporte do especialista de cirurgia geral ao PAM, as 9 especialidades m\u00e9dicas oferecidas pela Santa Casa de Dracena: cirurgia geral, anestesiologia, cardiologia, cl\u00ednica m\u00e9dica, ginecologia e obstetr\u00edcia, radiologia, ortopedia e traumatologia, neonatologia e pediatria, ficam completas para recepcionar as interna\u00e7\u00f5es.<\/p>\n<p>Fonte: Diretoria e Comunica\u00e7\u00e3o Prefeitura<\/p>\n<p style=\"text-align: justify;\">Comunica\u00e7\u00e3o Prefeitura<\/p>\n<p style=\"text-align: justify;\">Prefeito Andr\u00e9 Lemos e secret\u00e1ria municipal de Sa\u00fade Rosemary Souza, no dia 12 de fevereiro, assinaram o contrato com a Santa Casa, representada pelo provedor Celso Santin<\/p>\n<p style=\"text-align: justify;\">\n<p>&nbsp;<\/p>\n<p>&nbsp;<\/p>\n<p>&nbsp;<\/p>\n","protected":false},"excerpt":{"rendered":"<p>Os beneficiados s\u00e3o moradores de Dracena com a ordem sequencial organizada pela Secretaria Municipal de Sa\u00fade e Higiene P\u00fablica.\u00a0 O munic\u00edpio de Dracena e a Santa Casa local assinaram no dia 12 de fevereiro, conv\u00eanio restabelecendo servi\u00e7o de cirurgia geral, que incluem cirurgias eletivas e pequenas cirurgias. O servi\u00e7o de cirurgias eletivas na rede p\u00fablica [&hellip;]<\/p>\n","protected":false},"author":1,"featured_media":43977,"comment_status":"closed","ping_status":"open","sticky":false,"template":"","format":"standard","meta":{"footnotes":""},"categories":[110,122],"tags":[],"class_list":["post-43976","post","type-post","status-publish","format-standard","has-post-thumbnail","hentry","category-noticiasdestaque","category-saudeeducacaoeconcurso"],"_links":{"self":[{"href":"https:\/\/jorgezanoni.com.br\/2019\/wp-json\/wp\/v2\/posts\/43976","targetHints":{"allow":["GET"]}}],"collection":[{"href":"https:\/\/jorgezanoni.com.br\/2019\/wp-json\/wp\/v2\/posts"}],"about":[{"href":"https:\/\/jorgezanoni.com.br\/2019\/wp-json\/wp\/v2\/types\/post"}],"author":[{"embeddable":true,"href":"https:\/\/jorgezanoni.com.br\/2019\/wp-json\/wp\/v2\/users\/1"}],"replies":[{"embeddable":true,"href":"https:\/\/jorgezanoni.com.br\/2019\/wp-json\/wp\/v2\/comments?post=43976"}],"version-history":[{"count":0,"href":"https:\/\/jorgezanoni.com.br\/2019\/wp-json\/wp\/v2\/posts\/43976\/revisions"}],"wp:featuredmedia":[{"embeddable":true,"href":"https:\/\/jorgezanoni.com.br\/2019\/wp-json\/wp\/v2\/media\/43977"}],"wp:attachment":[{"href":"https:\/\/jorgezanoni.com.br\/2019\/wp-json\/wp\/v2\/media?parent=43976"}],"wp:term":[{"taxonomy":"category","embeddable":true,"href":"https:\/\/jorgezanoni.com.br\/2019\/wp-json\/wp\/v2\/categories?post=43976"},{"taxonomy":"post_tag","embeddable":true,"href":"https:\/\/jorgezanoni.com.br\/2019\/wp-json\/wp\/v2\/tags?post=43976"}],"curies":[{"name":"wp","href":"https:\/\/api.w.org\/{rel}","templated":true}]}}