{"id":43973,"date":"2021-03-03T16:05:19","date_gmt":"2021-03-03T16:05:19","guid":{"rendered":"https:\/\/jorgezanoni.com.br\/2019\/?p=43973"},"modified":"2021-03-03T16:05:19","modified_gmt":"2021-03-03T16:05:19","slug":"governo-de-sp-coloca-todo-o-estado-na-fase-vermelha","status":"publish","type":"post","link":"https:\/\/jorgezanoni.com.br\/2019\/governo-de-sp-coloca-todo-o-estado-na-fase-vermelha\/","title":{"rendered":"Governo de SP coloca todo o estado na fase vermelha"},"content":{"rendered":"<p style=\"text-align: justify;\">O governo Doria\u00a0<a href=\"https:\/\/g1.globo.com\/sp\/sao-paulo\/noticia\/2021\/03\/03\/governo-de-sp-coloca-todo-estado-na-fase-vermelha-da-quarentena-a-partir-de-sabado.ghtml\" target=\"_blank\" rel=\"noopener noreferrer\" data-analytics=\"true\">colocou todo o estado na fase vermelha<\/a>, a mais restritiva do Plano SP &#8211; que permite o funcionamento apenas de setores essenciais da economia, como farm\u00e1cias, supermercados, postos de combust\u00edvel e transportes coletivos.<\/p>\n<p style=\"text-align: justify;\">Medida come\u00e7a a valer no s\u00e1bado e deve permanecer em vigor at\u00e9 o dia 19 de mar\u00e7o. Mudan\u00e7a ocorre ap\u00f3s estado bater recorde de mortes por Covid e de interna\u00e7\u00f5es pela doen\u00e7a.<\/p>\n<p>A partir das 20 Hs. at\u00e9 as 5 da manh\u00e3 todo o estado fica em isolamento.<\/p>\n<p style=\"text-align: justify;\">Fonte: https:\/\/g1.globo.com\/sp\/sao-paulo\/ao-vivo\/governo-de-sp-anuncia-mudancas-na-quarentena.ghtml<\/p>\n","protected":false},"excerpt":{"rendered":"<p>O governo Doria\u00a0colocou todo o estado na fase vermelha, a mais restritiva do Plano SP &#8211; que permite o funcionamento apenas de setores essenciais da economia, como farm\u00e1cias, supermercados, postos de combust\u00edvel e transportes coletivos. Medida come\u00e7a a valer no s\u00e1bado e deve permanecer em vigor at\u00e9 o dia 19 de mar\u00e7o. Mudan\u00e7a ocorre ap\u00f3s [&hellip;]<\/p>\n","protected":false},"author":1,"featured_media":43974,"comment_status":"closed","ping_status":"open","sticky":false,"template":"","format":"standard","meta":{"footnotes":""},"categories":[110,116],"tags":[],"class_list":["post-43973","post","type-post","status-publish","format-standard","has-post-thumbnail","hentry","category-noticiasdestaque","category-politicaeeconomia"],"_links":{"self":[{"href":"https:\/\/jorgezanoni.com.br\/2019\/wp-json\/wp\/v2\/posts\/43973","targetHints":{"allow":["GET"]}}],"collection":[{"href":"https:\/\/jorgezanoni.com.br\/2019\/wp-json\/wp\/v2\/posts"}],"about":[{"href":"https:\/\/jorgezanoni.com.br\/2019\/wp-json\/wp\/v2\/types\/post"}],"author":[{"embeddable":true,"href":"https:\/\/jorgezanoni.com.br\/2019\/wp-json\/wp\/v2\/users\/1"}],"replies":[{"embeddable":true,"href":"https:\/\/jorgezanoni.com.br\/2019\/wp-json\/wp\/v2\/comments?post=43973"}],"version-history":[{"count":0,"href":"https:\/\/jorgezanoni.com.br\/2019\/wp-json\/wp\/v2\/posts\/43973\/revisions"}],"wp:featuredmedia":[{"embeddable":true,"href":"https:\/\/jorgezanoni.com.br\/2019\/wp-json\/wp\/v2\/media\/43974"}],"wp:attachment":[{"href":"https:\/\/jorgezanoni.com.br\/2019\/wp-json\/wp\/v2\/media?parent=43973"}],"wp:term":[{"taxonomy":"category","embeddable":true,"href":"https:\/\/jorgezanoni.com.br\/2019\/wp-json\/wp\/v2\/categories?post=43973"},{"taxonomy":"post_tag","embeddable":true,"href":"https:\/\/jorgezanoni.com.br\/2019\/wp-json\/wp\/v2\/tags?post=43973"}],"curies":[{"name":"wp","href":"https:\/\/api.w.org\/{rel}","templated":true}]}}