{"id":43970,"date":"2021-03-03T14:56:25","date_gmt":"2021-03-03T14:56:25","guid":{"rendered":"https:\/\/jorgezanoni.com.br\/2019\/?p=43970"},"modified":"2021-03-03T14:56:25","modified_gmt":"2021-03-03T14:56:25","slug":"vereadora-sara-scarabelli-e-multada-por-desrespeitar-isolamento-da-covid-19","status":"publish","type":"post","link":"https:\/\/jorgezanoni.com.br\/2019\/vereadora-sara-scarabelli-e-multada-por-desrespeitar-isolamento-da-covid-19\/","title":{"rendered":"Vereadora Sara Scarabelli \u00e9 multada por desrespeitar isolamento da COVID-19"},"content":{"rendered":"<p style=\"text-align: justify;\">A Vigil\u00e2ncia Sanit\u00e1ria informa que procedeu hoje, 3, ao auto de infra\u00e7\u00e3o (multa grav\u00edssima) a partir de 200 UFM, que corresponde ao valor aproximado de R$ 6 mil, a Sara dos Santos Scarabelli de Souza, por transgredir normas legais federais ou estaduais destinadas \u00e0 promo\u00e7\u00e3o, preven\u00e7\u00e3o e prote\u00e7\u00e3o \u00e0 sa\u00fade.<\/p>\n<p style=\"text-align: justify;\">Em atendimento a den\u00fancia foi constatado que Sara descumpriu a necessidade de isolamento domiciliar a que foi submetida no dia 19\/02. Ela poder\u00e1 apresentar recurso dentro de 10 dias a Vigil\u00e2ncia Sanit\u00e1ria.<\/p>\n<p style=\"text-align: justify;\">Diretoria de Comunica\u00e7\u00e3o Prefeitura<\/p>\n","protected":false},"excerpt":{"rendered":"<p>A Vigil\u00e2ncia Sanit\u00e1ria informa que procedeu hoje, 3, ao auto de infra\u00e7\u00e3o (multa grav\u00edssima) a partir de 200 UFM, que corresponde ao valor aproximado de R$ 6 mil, a Sara dos Santos Scarabelli de Souza, por transgredir normas legais federais ou estaduais destinadas \u00e0 promo\u00e7\u00e3o, preven\u00e7\u00e3o e prote\u00e7\u00e3o \u00e0 sa\u00fade. Em atendimento a den\u00fancia foi [&hellip;]<\/p>\n","protected":false},"author":1,"featured_media":43971,"comment_status":"closed","ping_status":"open","sticky":false,"template":"","format":"standard","meta":{"footnotes":""},"categories":[110,116,122],"tags":[],"class_list":["post-43970","post","type-post","status-publish","format-standard","has-post-thumbnail","hentry","category-noticiasdestaque","category-politicaeeconomia","category-saudeeducacaoeconcurso"],"_links":{"self":[{"href":"https:\/\/jorgezanoni.com.br\/2019\/wp-json\/wp\/v2\/posts\/43970","targetHints":{"allow":["GET"]}}],"collection":[{"href":"https:\/\/jorgezanoni.com.br\/2019\/wp-json\/wp\/v2\/posts"}],"about":[{"href":"https:\/\/jorgezanoni.com.br\/2019\/wp-json\/wp\/v2\/types\/post"}],"author":[{"embeddable":true,"href":"https:\/\/jorgezanoni.com.br\/2019\/wp-json\/wp\/v2\/users\/1"}],"replies":[{"embeddable":true,"href":"https:\/\/jorgezanoni.com.br\/2019\/wp-json\/wp\/v2\/comments?post=43970"}],"version-history":[{"count":0,"href":"https:\/\/jorgezanoni.com.br\/2019\/wp-json\/wp\/v2\/posts\/43970\/revisions"}],"wp:featuredmedia":[{"embeddable":true,"href":"https:\/\/jorgezanoni.com.br\/2019\/wp-json\/wp\/v2\/media\/43971"}],"wp:attachment":[{"href":"https:\/\/jorgezanoni.com.br\/2019\/wp-json\/wp\/v2\/media?parent=43970"}],"wp:term":[{"taxonomy":"category","embeddable":true,"href":"https:\/\/jorgezanoni.com.br\/2019\/wp-json\/wp\/v2\/categories?post=43970"},{"taxonomy":"post_tag","embeddable":true,"href":"https:\/\/jorgezanoni.com.br\/2019\/wp-json\/wp\/v2\/tags?post=43970"}],"curies":[{"name":"wp","href":"https:\/\/api.w.org\/{rel}","templated":true}]}}