{"id":43942,"date":"2021-03-03T01:28:10","date_gmt":"2021-03-03T01:28:10","guid":{"rendered":"https:\/\/jorgezanoni.com.br\/2019\/?p=43942"},"modified":"2021-03-03T01:28:10","modified_gmt":"2021-03-03T01:28:10","slug":"prefeitura-confirma-morte-de-gestante-de-23-anos-por-covid-19-em-dracena-recem-nascido-nao-resiste-e-tambem-morre","status":"publish","type":"post","link":"https:\/\/jorgezanoni.com.br\/2019\/prefeitura-confirma-morte-de-gestante-de-23-anos-por-covid-19-em-dracena-recem-nascido-nao-resiste-e-tambem-morre\/","title":{"rendered":"Prefeitura confirma morte de gestante de 23 anos por Covid-19 em Dracena; rec\u00e9m-nascido n\u00e3o resiste e tamb\u00e9m morre"},"content":{"rendered":"<h2 class=\"content-head__subtitle\" style=\"text-align: justify;\"><strong>Jovem foi internada na Santa Casa da cidade no s\u00e1bado (27), passou por uma cesariana e faleceu no domingo (28). Beb\u00ea chegou a ser transferido para Presidente Prudente, mas n\u00e3o resistiu.<\/strong><\/h2>\n<div class=\"mc-column content-text active-extra-styles \" data-block-type=\"unstyled\" data-block-weight=\"28\" data-block-id=\"2\">\n<p class=\"content-text__container \" style=\"text-align: justify;\" data-track-category=\"Link no Texto\" data-track-links=\"\">A Prefeitura de\u00a0<a href=\"https:\/\/g1.globo.com\/sp\/presidente-prudente-regiao\/cidade\/dracena\/\">Dracena\u00a0<\/a>confirmou nesta ter\u00e7a-feira (2) a morte de uma gestante, de 23 anos, por Covid-19. Este foi o 77\u00ba \u00f3bito pela doen\u00e7a registrado na cidade.<\/p>\n<\/div>\n<div class=\"wall protected-content\">\n<div class=\"mc-column content-text active-extra-styles \" style=\"text-align: justify;\" data-block-type=\"unstyled\" data-block-weight=\"35\" data-block-id=\"3\">\n<p class=\"content-text__container \" data-track-category=\"Link no Texto\" data-track-links=\"\">De acordo com o Poder Executivo, a jovem deu entrada na Santa Casa do munic\u00edpio no \u00faltimo s\u00e1bado (27), onde foi submetida a uma cesariana. No domingo (28), ela morreu com suspeita do novo coronav\u00edrus.<\/p>\n<\/div>\n<div class=\"mc-column content-text active-extra-styles \" style=\"text-align: justify;\" data-block-type=\"unstyled\" data-block-weight=\"10\" data-block-id=\"4\">\n<p class=\"content-text__container \" data-track-category=\"Link no Texto\" data-track-links=\"\">O diagn\u00f3stico com a confirma\u00e7\u00e3o da doen\u00e7a saiu nesta ter\u00e7a-feira.<\/p>\n<\/div>\n<div class=\"mc-column content-text active-extra-styles \" style=\"text-align: justify;\" data-block-type=\"unstyled\" data-block-weight=\"17\" data-block-id=\"5\">\n<p class=\"content-text__container \" data-track-category=\"Link no Texto\" data-track-links=\"\">Ainda conforme a Prefeitura, o rec\u00e9m-nascido foi transferido para um hospital em\u00a0<a href=\"https:\/\/g1.globo.com\/sp\/presidente-prudente-regiao\/cidade\/presidente-prudente\/\">Presidente Prudente<\/a>, por\u00e9m n\u00e3o resistiu.<\/p>\n<\/div>\n<div class=\"mc-column content-text active-extra-styles\" style=\"text-align: justify;\" data-block-type=\"raw\" data-block-weight=\"1\" data-block-id=\"6\">\n<div class=\"content-intertitle\">\n<h2>Boletim<\/h2>\n<\/div>\n<\/div>\n<div class=\"mc-column content-text active-extra-styles \" style=\"text-align: justify;\" data-block-type=\"unstyled\" data-block-weight=\"17\" data-block-id=\"7\">\n<p class=\"content-text__container \" data-track-category=\"Link no Texto\" data-track-links=\"\">Dracena registrou 51 novos casos positivos de Covid-19 nesta ter\u00e7a-feira e as confirma\u00e7\u00f5es chegaram a 3.320.<\/p>\n<\/div>\n<div class=\"mc-column content-text active-extra-styles \" data-block-type=\"unstyled\" data-block-weight=\"15\" data-block-id=\"8\">\n<p class=\"content-text__container \" style=\"text-align: justify;\" data-track-category=\"Link no Texto\" data-track-links=\"\">O munic\u00edpio possui 42 notifica\u00e7\u00f5es suspeitas da doen\u00e7a e 2.491 pacientes que j\u00e1 foram curados.<\/p>\n<p style=\"text-align: justify;\" data-track-category=\"Link no Texto\" data-track-links=\"\">Fonte: https:\/\/g1.globo.com\/sp\/presidente-prudente-regiao\/noticia\/2021\/03\/02\/prefeitura-confirma-morte-de-gestante-de-23-anos-por-covid-19-em-dracena-recem-nascido-nao-resiste-e-tambem-morre.ghtml<\/p>\n<\/div>\n<\/div>\n","protected":false},"excerpt":{"rendered":"<p>Jovem foi internada na Santa Casa da cidade no s\u00e1bado (27), passou por uma cesariana e faleceu no domingo (28). Beb\u00ea chegou a ser transferido para Presidente Prudente, mas n\u00e3o resistiu. A Prefeitura de\u00a0Dracena\u00a0confirmou nesta ter\u00e7a-feira (2) a morte de uma gestante, de 23 anos, por Covid-19. Este foi o 77\u00ba \u00f3bito pela doen\u00e7a registrado [&hellip;]<\/p>\n","protected":false},"author":1,"featured_media":43943,"comment_status":"closed","ping_status":"open","sticky":false,"template":"","format":"standard","meta":{"footnotes":""},"categories":[178,110],"tags":[],"class_list":["post-43942","post","type-post","status-publish","format-standard","has-post-thumbnail","hentry","category-notadefalecimento","category-noticiasdestaque"],"_links":{"self":[{"href":"https:\/\/jorgezanoni.com.br\/2019\/wp-json\/wp\/v2\/posts\/43942","targetHints":{"allow":["GET"]}}],"collection":[{"href":"https:\/\/jorgezanoni.com.br\/2019\/wp-json\/wp\/v2\/posts"}],"about":[{"href":"https:\/\/jorgezanoni.com.br\/2019\/wp-json\/wp\/v2\/types\/post"}],"author":[{"embeddable":true,"href":"https:\/\/jorgezanoni.com.br\/2019\/wp-json\/wp\/v2\/users\/1"}],"replies":[{"embeddable":true,"href":"https:\/\/jorgezanoni.com.br\/2019\/wp-json\/wp\/v2\/comments?post=43942"}],"version-history":[{"count":0,"href":"https:\/\/jorgezanoni.com.br\/2019\/wp-json\/wp\/v2\/posts\/43942\/revisions"}],"wp:featuredmedia":[{"embeddable":true,"href":"https:\/\/jorgezanoni.com.br\/2019\/wp-json\/wp\/v2\/media\/43943"}],"wp:attachment":[{"href":"https:\/\/jorgezanoni.com.br\/2019\/wp-json\/wp\/v2\/media?parent=43942"}],"wp:term":[{"taxonomy":"category","embeddable":true,"href":"https:\/\/jorgezanoni.com.br\/2019\/wp-json\/wp\/v2\/categories?post=43942"},{"taxonomy":"post_tag","embeddable":true,"href":"https:\/\/jorgezanoni.com.br\/2019\/wp-json\/wp\/v2\/tags?post=43942"}],"curies":[{"name":"wp","href":"https:\/\/api.w.org\/{rel}","templated":true}]}}