{"id":43938,"date":"2021-03-02T23:57:23","date_gmt":"2021-03-02T23:57:23","guid":{"rendered":"https:\/\/jorgezanoni.com.br\/2019\/?p=43938"},"modified":"2021-03-02T23:57:23","modified_gmt":"2021-03-02T23:57:23","slug":"agencia-bancaria-de-dracena-e-multada-por-falta-de-organizacao-em-fila-gerando-aglomeracao","status":"publish","type":"post","link":"https:\/\/jorgezanoni.com.br\/2019\/agencia-bancaria-de-dracena-e-multada-por-falta-de-organizacao-em-fila-gerando-aglomeracao\/","title":{"rendered":"Ag\u00eancia Banc\u00e1ria de Dracena \u00e9 multada por falta de organiza\u00e7\u00e3o em fila gerando aglomera\u00e7\u00e3o"},"content":{"rendered":"<p style=\"text-align: justify;\">Nesta ter\u00e7a-feira, 2, ag\u00eancia banc\u00e1ria local foi multada pelo setor de Fiscaliza\u00e7\u00e3o da Prefeitura, em raz\u00e3o de estar descumprindo determina\u00e7\u00e3o estabelecida no decreto vigente quanto a Fase Vermelha do Plano S\u00e3o Paulo, que instituiu o toque de recolher e o lockdow aos s\u00e1bados e domingos.<\/p>\n<p style=\"text-align: justify;\">A administra\u00e7\u00e3o municipal ressalta que o decreto 7.393 de 17 de fevereiro de 2021 continua em vigor, e qualquer altera\u00e7\u00e3o na legisla\u00e7\u00e3o ser\u00e1 divulgada nos canais de comunica\u00e7\u00e3o oficiais do munic\u00edpio.<\/p>\n<p style=\"text-align: justify;\">A ag\u00eancia foi multada no valor de R$ 1.028,65, devido \u00e0 exist\u00eancia de fila sem organiza\u00e7\u00e3o, ocasionando aglomera\u00e7\u00e3o.<\/p>\n<p style=\"text-align: justify;\">O artigo 18 do decreto estipula o funcionamento de bancos, lot\u00e9ricas, supermercados, mercados e cong\u00eaneres, e o inciso quarto detalha a \u201cutiliza\u00e7\u00e3o de marca\u00e7\u00f5es ou faixas para assegurar a dist\u00e2ncia m\u00ednima d 1, 5 mt entre clientes, quando for caso de forma\u00e7\u00e3o de fia de espera para acesso ao estabelecimento, sendo que essa dist\u00e2ncia dever\u00e1 ser entre os clientes na fila e tamb\u00e9m entre as pr\u00f3prias filas, quando existir mais de uma\u201d.<\/p>\n<p style=\"text-align: justify;\">O setor de Fiscaliza\u00e7\u00e3o alerta que os estabelecimentos citados no artigo 18 s\u00e3o os respons\u00e1veis pela organiza\u00e7\u00e3o de tais p\u00fablicos, por isso devem se atentar a movimenta\u00e7\u00e3o externa tamb\u00e9m.<\/p>\n<p style=\"text-align: justify;\">Fonte: Diretoria de Comunica\u00e7\u00e3o Prefeitura<\/p>\n<p style=\"text-align: justify;\">\n","protected":false},"excerpt":{"rendered":"<p>Nesta ter\u00e7a-feira, 2, ag\u00eancia banc\u00e1ria local foi multada pelo setor de Fiscaliza\u00e7\u00e3o da Prefeitura, em raz\u00e3o de estar descumprindo determina\u00e7\u00e3o estabelecida no decreto vigente quanto a Fase Vermelha do Plano S\u00e3o Paulo, que instituiu o toque de recolher e o lockdow aos s\u00e1bados e domingos. A administra\u00e7\u00e3o municipal ressalta que o decreto 7.393 de 17 [&hellip;]<\/p>\n","protected":false},"author":1,"featured_media":43939,"comment_status":"closed","ping_status":"open","sticky":false,"template":"","format":"standard","meta":{"footnotes":""},"categories":[179,184,110],"tags":[],"class_list":["post-43938","post","type-post","status-publish","format-standard","has-post-thumbnail","hentry","category-cidadeseregiao","category-dracena","category-noticiasdestaque"],"_links":{"self":[{"href":"https:\/\/jorgezanoni.com.br\/2019\/wp-json\/wp\/v2\/posts\/43938","targetHints":{"allow":["GET"]}}],"collection":[{"href":"https:\/\/jorgezanoni.com.br\/2019\/wp-json\/wp\/v2\/posts"}],"about":[{"href":"https:\/\/jorgezanoni.com.br\/2019\/wp-json\/wp\/v2\/types\/post"}],"author":[{"embeddable":true,"href":"https:\/\/jorgezanoni.com.br\/2019\/wp-json\/wp\/v2\/users\/1"}],"replies":[{"embeddable":true,"href":"https:\/\/jorgezanoni.com.br\/2019\/wp-json\/wp\/v2\/comments?post=43938"}],"version-history":[{"count":0,"href":"https:\/\/jorgezanoni.com.br\/2019\/wp-json\/wp\/v2\/posts\/43938\/revisions"}],"wp:featuredmedia":[{"embeddable":true,"href":"https:\/\/jorgezanoni.com.br\/2019\/wp-json\/wp\/v2\/media\/43939"}],"wp:attachment":[{"href":"https:\/\/jorgezanoni.com.br\/2019\/wp-json\/wp\/v2\/media?parent=43938"}],"wp:term":[{"taxonomy":"category","embeddable":true,"href":"https:\/\/jorgezanoni.com.br\/2019\/wp-json\/wp\/v2\/categories?post=43938"},{"taxonomy":"post_tag","embeddable":true,"href":"https:\/\/jorgezanoni.com.br\/2019\/wp-json\/wp\/v2\/tags?post=43938"}],"curies":[{"name":"wp","href":"https:\/\/api.w.org\/{rel}","templated":true}]}}