{"id":43929,"date":"2021-03-02T17:47:12","date_gmt":"2021-03-02T17:47:12","guid":{"rendered":"https:\/\/jorgezanoni.com.br\/2019\/?p=43929"},"modified":"2021-03-02T17:47:12","modified_gmt":"2021-03-02T17:47:12","slug":"vereadora-sara-scarabelli-fala-sobre-repercussao-por-conta-de-estar-possivelmente-contaminada-pela-covid-19","status":"publish","type":"post","link":"https:\/\/jorgezanoni.com.br\/2019\/vereadora-sara-scarabelli-fala-sobre-repercussao-por-conta-de-estar-possivelmente-contaminada-pela-covid-19\/","title":{"rendered":"Vereadora Sara Scarabelli fala sobre repercuss\u00e3o por conta de estar possivelmente contaminada pela COVID-19"},"content":{"rendered":"<p style=\"text-align: justify;\"><strong>O Site JZ sempre prezou pela imparcialidade, respeito \u00e0s pessoas e veicula mat\u00e9rias fundamentadas em fatos reais, press\u00e3o p\u00fablica n\u00e3o faz com que mudemos nossa linha de trabalho.\u00a0<\/strong><\/p>\n<p style=\"text-align: justify;\">No dia de ontem (2), as redes sociais tiveram como principal assunto a vereadora senhora Sara dos Santos Scarabelli de Souza (PODE), por conta de uma poss\u00edvel situa\u00e7\u00e3o de ter atestado positivo para a COVID-19 e n\u00e3o ter cumprido o isolamento da forma que preconiza a OMS (Organiza\u00e7\u00e3o Mundial da Sa\u00fade).<\/p>\n<p style=\"text-align: justify;\">O Site JZ recebeu in\u00fameras sugest\u00f5es, e material de diversos internautas criticando a posi\u00e7\u00e3o da vereadora e pedindo uma provid\u00eancia deste \u00f3rg\u00e3o de imprensa. <strong>Lembramos que s\u00f3 temos a obriga\u00e7\u00e3o de divulgar mat\u00e9rias para o debate da opini\u00e3o p\u00fablica.<\/strong><\/p>\n<p style=\"text-align: justify;\">Queremos primeiramente dizer que n\u00e3o noticiamos que Sara estava com COVID, portanto tamb\u00e9m n\u00e3o temos a obriga\u00e7\u00e3o de afirmar ou desmentir tal situa\u00e7\u00e3o. Entendemos que quem divulga qualquer tipo de mat\u00e9ria tem que acompanhar e vir a p\u00fablico dar explica\u00e7\u00f5es at\u00e9 o final, o que especificamente nesta mat\u00e9ria, n\u00e3o participamos.<\/p>\n<p style=\"text-align: justify;\">Mas tentando resumir, foi dito por muitos internautas, inclusive em \u00e1udio que circulou, que a vereadora estava com COVID, e havia participado de Sess\u00e3o da C\u00e2mara Municipal, de um v\u00eddeo no Parque Dracena e sido vista em com\u00e9rcios da cidade, inclusive em filas de a\u00e7ougue. A maioria dos casos citando datas.<\/p>\n<p style=\"text-align: justify;\">Depois de algumas tentativas ontem (1\u00ba) e hoje (2), conseguimos um contato via celular com a vereadora que nos atendeu muito gentilmente, por\u00e9m n\u00e3o quis gravar V\u00eddeo, apenas se limitando a nos passar alguns dados e nos autorizando a dizer o seguinte:<\/p>\n<p style=\"text-align: justify;\">&#8220;Cumpri o prazo determinado, ficando em casa por 9 dias sem sair na rua, nas datas mencionadas, ou quando estive em algum local n\u00e3o sabia que poderia estar contaminada. Afirma ainda que fez dois exames, um particular que atestou positivo e um atrav\u00e9s do CEMAC que testou negativo e por isso foi liberada rapidamente. Garante estar documentada e \u00e0 disposi\u00e7\u00e3o de quem queira ver, que n\u00e3o teme por nada e que fez tudo dentro da lei&#8221;.<\/p>\n<p><strong>NOTA NO FACEBOOK DA VEREADORA\u00a0 SARA HOJE (2) <\/strong>https:\/\/www.facebook.com\/sara.scarabelli.75<\/p>\n<div dir=\"auto\" style=\"text-align: justify;\">Nota de esclarecimento:<\/div>\n<div dir=\"auto\" style=\"text-align: justify;\">Diante das not\u00edcias destoantes que est\u00e3o circulando na internet e tendo sido, inclusive, pessoalmente questionada por in\u00fameras pessoas, esclare\u00e7o que, ap\u00f3s ter sintomas leves<\/div>\n<div dir=\"auto\" style=\"text-align: justify;\">de dor de garganta em 15\/02\/21 e em 17\/02\/21 ter tido contato a dist\u00e2ncia com uma<\/div>\n<div dir=\"auto\" style=\"text-align: justify;\">parenta minha que foi posteriormente diagnosticada com COVID, no dia 19\/02\/21, sem<\/div>\n<div dir=\"auto\" style=\"text-align: justify;\">qualquer sintoma gripal e por precau\u00e7\u00e3o, me dirigi ao CEMAC onde fui atendida pelo<\/div>\n<div dir=\"auto\" style=\"text-align: justify;\">Dr. Andr\u00e9 que requisitou exame e, de pronto, decidiu pelo meu isolamento preventivo.<\/div>\n<div dir=\"auto\" style=\"text-align: justify;\">Este primeiro exame testou positivo. Ocorre que, no dia 22\/02\/21, sem qualquer outro<\/div>\n<div dir=\"auto\" style=\"text-align: justify;\">sintoma, resolvi me dirigir novamente ao CEMAC onde pedi uma CONTRA PROVA a<\/div>\n<div dir=\"auto\" style=\"text-align: justify;\">qual resultou negativa, conforme documento anexo. Assim, no dia 23\/02\/21, ap\u00f3s ser<\/div>\n<div dir=\"auto\" style=\"text-align: justify;\">consultada pela Dra. Maria Ang\u00e9lica no CEMAC, a mesma decidiu por suspender o<\/div>\n<div dir=\"auto\" style=\"text-align: justify;\">meu isolamento, me concedendo alta do tratamento, documento este assinado pelo Dr.<\/div>\n<div dir=\"auto\" style=\"text-align: justify;\">Andr\u00e9. Mesmo assim, por preven\u00e7\u00e3o, ainda me mantive isolada at\u00e9 o dia 26\/02\/2021,<\/div>\n<div dir=\"auto\" style=\"text-align: justify;\">18h, quando, ent\u00e3o, resolvi ir ao mercado, sa\u00edda esta que deu origem a tantos<\/div>\n<div dir=\"auto\" style=\"text-align: justify;\">coment\u00e1rios desabonadores quanto \u00e0 minha pessoa.<\/div>\n<div dir=\"auto\" style=\"text-align: justify;\">Assim, esclare\u00e7o que, respeitei fielmente todas as ordens m\u00e9dicas e somente sai do<\/div>\n<div dir=\"auto\" style=\"text-align: justify;\">isolamento ap\u00f3s ter sido dele liberada.<\/div>\n<div dir=\"auto\"><\/div>\n<p style=\"text-align: justify;\">Nesta ter\u00e7a-feira (2), o Vereador Davi Fernando Silva (DEM), conforme v\u00eddeo postado em seu Facebook pessoal (https:\/\/www.facebook.com\/davi.silva.315), disse ter pedido informa\u00e7\u00f5es ao Presidente da C\u00e2mara Municipal Vereador Claudinei Millan Pessoa (PP) e \u00e0 Secret\u00e1ria de Sa\u00fade em exerc\u00edcio, senhora Geni Pesin, inclusive com documentos que comprovem o que a Vereadora Sara relata. Que estando de posse dos documentos, caso haja alguma irregularidade, que provid\u00eancias ser\u00e3o tomadas na forma da lei.<\/p>\n<p>A partir de agora, passaremos a acompanhar o caso e estamos \u00e0 disposi\u00e7\u00e3o para a pr\u00f3pria Vereadora se manifestar, bem como os outro doze vereadores, autoridades da sa\u00fade e algum outro \u00f3rg\u00e3o que se fizer necess\u00e1rio algum esclarecimento.<\/p>\n<p>JORGE ZANONI <strong>&#8220;A NOTICIA COM CREDIBILIDADE&#8221;<\/strong><\/p>\n<p>&nbsp;<\/p>\n<p>&nbsp;<\/p>\n","protected":false},"excerpt":{"rendered":"<p>O Site JZ sempre prezou pela imparcialidade, respeito \u00e0s pessoas e veicula mat\u00e9rias fundamentadas em fatos reais, press\u00e3o p\u00fablica n\u00e3o faz com que mudemos nossa linha de trabalho.\u00a0 No dia de ontem (2), as redes sociais tiveram como principal assunto a vereadora senhora Sara dos Santos Scarabelli de Souza (PODE), por conta de uma poss\u00edvel [&hellip;]<\/p>\n","protected":false},"author":1,"featured_media":43930,"comment_status":"closed","ping_status":"open","sticky":false,"template":"","format":"standard","meta":{"footnotes":""},"categories":[110,116],"tags":[],"class_list":["post-43929","post","type-post","status-publish","format-standard","has-post-thumbnail","hentry","category-noticiasdestaque","category-politicaeeconomia"],"_links":{"self":[{"href":"https:\/\/jorgezanoni.com.br\/2019\/wp-json\/wp\/v2\/posts\/43929","targetHints":{"allow":["GET"]}}],"collection":[{"href":"https:\/\/jorgezanoni.com.br\/2019\/wp-json\/wp\/v2\/posts"}],"about":[{"href":"https:\/\/jorgezanoni.com.br\/2019\/wp-json\/wp\/v2\/types\/post"}],"author":[{"embeddable":true,"href":"https:\/\/jorgezanoni.com.br\/2019\/wp-json\/wp\/v2\/users\/1"}],"replies":[{"embeddable":true,"href":"https:\/\/jorgezanoni.com.br\/2019\/wp-json\/wp\/v2\/comments?post=43929"}],"version-history":[{"count":0,"href":"https:\/\/jorgezanoni.com.br\/2019\/wp-json\/wp\/v2\/posts\/43929\/revisions"}],"wp:featuredmedia":[{"embeddable":true,"href":"https:\/\/jorgezanoni.com.br\/2019\/wp-json\/wp\/v2\/media\/43930"}],"wp:attachment":[{"href":"https:\/\/jorgezanoni.com.br\/2019\/wp-json\/wp\/v2\/media?parent=43929"}],"wp:term":[{"taxonomy":"category","embeddable":true,"href":"https:\/\/jorgezanoni.com.br\/2019\/wp-json\/wp\/v2\/categories?post=43929"},{"taxonomy":"post_tag","embeddable":true,"href":"https:\/\/jorgezanoni.com.br\/2019\/wp-json\/wp\/v2\/tags?post=43929"}],"curies":[{"name":"wp","href":"https:\/\/api.w.org\/{rel}","templated":true}]}}