{"id":43920,"date":"2021-03-02T15:52:14","date_gmt":"2021-03-02T15:52:14","guid":{"rendered":"https:\/\/jorgezanoni.com.br\/2019\/?p=43920"},"modified":"2021-03-02T15:53:38","modified_gmt":"2021-03-02T15:53:38","slug":"equipe-do-cemac-atende-por-dia-cerca-de-170-pacientes-e-procura-oferecer-o-melhor","status":"publish","type":"post","link":"https:\/\/jorgezanoni.com.br\/2019\/equipe-do-cemac-atende-por-dia-cerca-de-170-pacientes-e-procura-oferecer-o-melhor\/","title":{"rendered":"Equipe do CEMAC atende por dia cerca de 170 pacientes e procura oferecer o melhor"},"content":{"rendered":"<p style=\"text-align: justify;\"><b><strong>Enfermeira pede compreens\u00e3o por parte daqueles que necessitam do atendimento e orienta para que n\u00e3o levem acompanhantes, a fim de preservar a sa\u00fade.<\/strong><\/b><\/p>\n<p style=\"text-align: justify;\">A equipe de profissionais de Sa\u00fade do Centro Municipal de Atendimento \u00e0 Covid (CEMAC) est\u00e1 atendendo por dia de 150 a 170 pessoas. A enfermeira Ingrid Cristina Pardini, que atua no CEMAC informou que mais do que nunca toda a equipe est\u00e1 se desdobrando ao m\u00e1ximo, fazendo o melhor para oferecer atendimentos de qualidade aos pacientes. Por outro lado, a situa\u00e7\u00e3o pand\u00eamica na cidade como todos j\u00e1 sabem avan\u00e7ou numerosamente neste ano e, esse pessoal est\u00e1 trabalhando exaustivamente no CEMAC. Tamb\u00e9m enfrenta os mesmos medos de todos ocasionados pela covid 19, sofrendo com a impaci\u00eancia que transborda de algumas pessoas acometidas pelo v\u00edrus covid 19.<\/p>\n<p style=\"text-align: justify;\">\u201cAtender por dia cerca de 170 pacientes \u00e9 um grande desafio, indiretamente viramos uma unidade de interna\u00e7\u00e3o. Toda equipe tem o mesmo sentimento, gostamos do que fazemos. M\u00e9dicos, enfermeiros, auxiliares de enfermagem e servi\u00e7os gerais fazem tudo com muita cautela, por ser um ambiente de alto risco de cont\u00e1gio, expondo todos ao risco\u201d.<\/p>\n<p style=\"text-align: justify;\">Ela continuou dizendo: \u201cFazemos um apelo \u00e0 popula\u00e7\u00e3o que tenha paci\u00eancia de esperar, todos ter\u00e3o atendimento, estamos procurando atender a todos, priorizamos consultas agendadas, mas se chega alguma emerg\u00eancia, temos que proceder esse atendimento\u201d.<\/p>\n<p style=\"text-align: justify;\">Ingrid explicou: \u201cAtuam no CEMAC equipes fixas de segunda a sexta; equipes de enfermagem e m\u00e9dica trabalham 12 x 36 h; a enfermagem segue plant\u00e3o trabalhando em dias alternados. No momento, h\u00e1 2 m\u00e9dicos atendendo. Como os atendimentos aumentaram muito e foi necess\u00e1rio abrir escalas extras de trabalho, equipe do PAM est\u00e1 nos dando uma for\u00e7a no per\u00edodo da noite\u201d.<\/p>\n<p style=\"text-align: justify;\">Ingrid fez um alerta para que n\u00e3o levem acompanhantes caso n\u00e3o haja necessidade para o atendimento no CEMAC. \u201cN\u00e3o permitimos a entrada de acompanhantes de pacientes, a n\u00e3o ser que seja menor de idade; pessoas com idade avan\u00e7ada ou pacientes que n\u00e3o consigam ficar sozinhos devido ao estado de sa\u00fade\u201d.<\/p>\n<p style=\"text-align: justify;\">A enfermeira explicou que essas recomenda\u00e7\u00f5es s\u00e3o para preservar aqueles que est\u00e3o bem de sa\u00fade a n\u00e3o se contaminarem.<b><strong>\u00a0<\/strong><\/b><\/p>\n<p style=\"text-align: justify;\"><b><strong>BEM AO PR\u00d3XIMO<\/strong><\/b><\/p>\n<p style=\"text-align: justify;\">Ingrid ressaltou, entretanto, a gentileza de moradores da cidade que valorizam o trabalho deles e se colocam em seus lugares.<\/p>\n<p style=\"text-align: justify;\">As equipes que trabalham no CEMAC est\u00e3o recebendo doa\u00e7\u00f5es da comunidade que em meio a esta pandemia trazem um pouco de satisfa\u00e7\u00e3o a eles. A enfermeira contou que s\u00e3o doa\u00e7\u00f5es de todos os tipos, tais como alimentos, \u00e1gua para a linha de frente e tamb\u00e9m para a unidade. Aproveitou para agradecer publicamente a todos que fizeram doa\u00e7\u00f5es.<\/p>\n<p><img loading=\"lazy\" decoding=\"async\" class=\"alignnone size-full wp-image-43921\" src=\"https:\/\/jorgezanoni.com.br\/2019\/wp-content\/uploads\/2021\/03\/cemac.jpg\" alt=\"\" width=\"958\" height=\"1280\" srcset=\"https:\/\/jorgezanoni.com.br\/2019\/wp-content\/uploads\/2021\/03\/cemac.jpg 958w, https:\/\/jorgezanoni.com.br\/2019\/wp-content\/uploads\/2021\/03\/cemac-225x300.jpg 225w, https:\/\/jorgezanoni.com.br\/2019\/wp-content\/uploads\/2021\/03\/cemac-766x1024.jpg 766w, https:\/\/jorgezanoni.com.br\/2019\/wp-content\/uploads\/2021\/03\/cemac-768x1026.jpg 768w, https:\/\/jorgezanoni.com.br\/2019\/wp-content\/uploads\/2021\/03\/cemac-696x930.jpg 696w, https:\/\/jorgezanoni.com.br\/2019\/wp-content\/uploads\/2021\/03\/cemac-314x420.jpg 314w\" sizes=\"auto, (max-width: 958px) 100vw, 958px\" \/> <img loading=\"lazy\" decoding=\"async\" class=\"alignnone size-full wp-image-43922\" src=\"https:\/\/jorgezanoni.com.br\/2019\/wp-content\/uploads\/2021\/03\/cemac1.jpg\" alt=\"\" width=\"958\" height=\"1280\" srcset=\"https:\/\/jorgezanoni.com.br\/2019\/wp-content\/uploads\/2021\/03\/cemac1.jpg 958w, https:\/\/jorgezanoni.com.br\/2019\/wp-content\/uploads\/2021\/03\/cemac1-225x300.jpg 225w, https:\/\/jorgezanoni.com.br\/2019\/wp-content\/uploads\/2021\/03\/cemac1-766x1024.jpg 766w, https:\/\/jorgezanoni.com.br\/2019\/wp-content\/uploads\/2021\/03\/cemac1-768x1026.jpg 768w, https:\/\/jorgezanoni.com.br\/2019\/wp-content\/uploads\/2021\/03\/cemac1-696x930.jpg 696w, https:\/\/jorgezanoni.com.br\/2019\/wp-content\/uploads\/2021\/03\/cemac1-314x420.jpg 314w\" sizes=\"auto, (max-width: 958px) 100vw, 958px\" \/><\/p>\n<p>Fonte: Diretoria de Comunica\u00e7\u00e3o Prefeitura<\/p>\n","protected":false},"excerpt":{"rendered":"<p>Enfermeira pede compreens\u00e3o por parte daqueles que necessitam do atendimento e orienta para que n\u00e3o levem acompanhantes, a fim de preservar a sa\u00fade. A equipe de profissionais de Sa\u00fade do Centro Municipal de Atendimento \u00e0 Covid (CEMAC) est\u00e1 atendendo por dia de 150 a 170 pessoas. A enfermeira Ingrid Cristina Pardini, que atua no CEMAC [&hellip;]<\/p>\n","protected":false},"author":1,"featured_media":43923,"comment_status":"closed","ping_status":"open","sticky":false,"template":"","format":"standard","meta":{"footnotes":""},"categories":[110,118],"tags":[],"class_list":["post-43920","post","type-post","status-publish","format-standard","has-post-thumbnail","hentry","category-noticiasdestaque","category-religiaoesolidariedade"],"_links":{"self":[{"href":"https:\/\/jorgezanoni.com.br\/2019\/wp-json\/wp\/v2\/posts\/43920","targetHints":{"allow":["GET"]}}],"collection":[{"href":"https:\/\/jorgezanoni.com.br\/2019\/wp-json\/wp\/v2\/posts"}],"about":[{"href":"https:\/\/jorgezanoni.com.br\/2019\/wp-json\/wp\/v2\/types\/post"}],"author":[{"embeddable":true,"href":"https:\/\/jorgezanoni.com.br\/2019\/wp-json\/wp\/v2\/users\/1"}],"replies":[{"embeddable":true,"href":"https:\/\/jorgezanoni.com.br\/2019\/wp-json\/wp\/v2\/comments?post=43920"}],"version-history":[{"count":0,"href":"https:\/\/jorgezanoni.com.br\/2019\/wp-json\/wp\/v2\/posts\/43920\/revisions"}],"wp:featuredmedia":[{"embeddable":true,"href":"https:\/\/jorgezanoni.com.br\/2019\/wp-json\/wp\/v2\/media\/43923"}],"wp:attachment":[{"href":"https:\/\/jorgezanoni.com.br\/2019\/wp-json\/wp\/v2\/media?parent=43920"}],"wp:term":[{"taxonomy":"category","embeddable":true,"href":"https:\/\/jorgezanoni.com.br\/2019\/wp-json\/wp\/v2\/categories?post=43920"},{"taxonomy":"post_tag","embeddable":true,"href":"https:\/\/jorgezanoni.com.br\/2019\/wp-json\/wp\/v2\/tags?post=43920"}],"curies":[{"name":"wp","href":"https:\/\/api.w.org\/{rel}","templated":true}]}}