{"id":43911,"date":"2021-03-02T14:33:42","date_gmt":"2021-03-02T14:33:42","guid":{"rendered":"https:\/\/jorgezanoni.com.br\/2019\/?p=43911"},"modified":"2021-03-02T14:46:17","modified_gmt":"2021-03-02T14:46:17","slug":"morre-a-senhora-irece-ferreira-valcezi-mae-da-rosana-da-ace","status":"publish","type":"post","link":"https:\/\/jorgezanoni.com.br\/2019\/morre-a-senhora-irece-ferreira-valcezi-mae-da-rosana-da-ace\/","title":{"rendered":"Morre a senhora Irece Ferreira Valcezi, m\u00e3e da Rosana da ACE"},"content":{"rendered":"<p style=\"text-align: justify;\">Comunicamos com pesar o falecimento da senhora Irece Ferreira Valcezi de 86 anos, com diagn\u00f3stico da COVID-19.<\/p>\n<p style=\"text-align: justify;\">A evolu\u00e7\u00e3o do quadro cl\u00ednico foi agravado muito rapidamente, sendo que no domingo (28) passou pelo CEMAC e j\u00e1 foi colocado o Oxig\u00eanio, passando a aguardar vaga no sistema CROSS. Ontem (1\u00ba) no hor\u00e1rio do almo\u00e7o ap\u00f3s alta de press\u00e3o, acabou sendo entubada no Pronto Atendimento e recebeu todos os procedimentos de UTI, n\u00e3o resistindo e vindo a \u00f3bito na madrugada de hoje (2).<\/p>\n<p style=\"text-align: justify;\">Era uma Pessoa muito conhecida e querida na comunidade de Junqueir\u00f3polis, vi\u00fava do sr. Pedro Valcezi, m\u00e3e de Roberto Donizeti Valcezi (in memoria) e Rosana Valcezi (Gerente da ACE de Dracena), e av\u00f3 da Fl\u00e1via Valcezi e Ricardo Cangussu de Lima, deixa ainda tr\u00eas irm\u00e3s.<\/p>\n<p style=\"text-align: justify;\">O Sepultamento ocorre na cidade de Junqueir\u00f3polis, \u00e0s 15 Hs. e n\u00e3o haver\u00e1 vel\u00f3rio.<\/p>\n<p style=\"text-align: justify;\">A Rosana e toda fam\u00edlia enlutada e a grande legi\u00e3o de amigos, os sentimentos do Site JZ neste dif\u00edcil momento.<\/p>\n<p style=\"text-align: justify;\">Jorge Zanoni<\/p>\n<p>&nbsp;<\/p>\n<p>&nbsp;<\/p>\n","protected":false},"excerpt":{"rendered":"<p>Comunicamos com pesar o falecimento da senhora Irece Ferreira Valcezi de 86 anos, com diagn\u00f3stico da COVID-19. A evolu\u00e7\u00e3o do quadro cl\u00ednico foi agravado muito rapidamente, sendo que no domingo (28) passou pelo CEMAC e j\u00e1 foi colocado o Oxig\u00eanio, passando a aguardar vaga no sistema CROSS. Ontem (1\u00ba) no hor\u00e1rio do almo\u00e7o ap\u00f3s alta [&hellip;]<\/p>\n","protected":false},"author":1,"featured_media":43912,"comment_status":"closed","ping_status":"open","sticky":false,"template":"","format":"standard","meta":{"footnotes":""},"categories":[178,110],"tags":[],"class_list":["post-43911","post","type-post","status-publish","format-standard","has-post-thumbnail","hentry","category-notadefalecimento","category-noticiasdestaque"],"_links":{"self":[{"href":"https:\/\/jorgezanoni.com.br\/2019\/wp-json\/wp\/v2\/posts\/43911","targetHints":{"allow":["GET"]}}],"collection":[{"href":"https:\/\/jorgezanoni.com.br\/2019\/wp-json\/wp\/v2\/posts"}],"about":[{"href":"https:\/\/jorgezanoni.com.br\/2019\/wp-json\/wp\/v2\/types\/post"}],"author":[{"embeddable":true,"href":"https:\/\/jorgezanoni.com.br\/2019\/wp-json\/wp\/v2\/users\/1"}],"replies":[{"embeddable":true,"href":"https:\/\/jorgezanoni.com.br\/2019\/wp-json\/wp\/v2\/comments?post=43911"}],"version-history":[{"count":0,"href":"https:\/\/jorgezanoni.com.br\/2019\/wp-json\/wp\/v2\/posts\/43911\/revisions"}],"wp:featuredmedia":[{"embeddable":true,"href":"https:\/\/jorgezanoni.com.br\/2019\/wp-json\/wp\/v2\/media\/43912"}],"wp:attachment":[{"href":"https:\/\/jorgezanoni.com.br\/2019\/wp-json\/wp\/v2\/media?parent=43911"}],"wp:term":[{"taxonomy":"category","embeddable":true,"href":"https:\/\/jorgezanoni.com.br\/2019\/wp-json\/wp\/v2\/categories?post=43911"},{"taxonomy":"post_tag","embeddable":true,"href":"https:\/\/jorgezanoni.com.br\/2019\/wp-json\/wp\/v2\/tags?post=43911"}],"curies":[{"name":"wp","href":"https:\/\/api.w.org\/{rel}","templated":true}]}}