{"id":43908,"date":"2021-03-02T14:08:44","date_gmt":"2021-03-02T14:08:44","guid":{"rendered":"https:\/\/jorgezanoni.com.br\/2019\/?p=43908"},"modified":"2021-03-02T14:08:44","modified_gmt":"2021-03-02T14:08:44","slug":"dracena-e-o-negacionismo-mortal-por-vladimir-de-mattos","status":"publish","type":"post","link":"https:\/\/jorgezanoni.com.br\/2019\/dracena-e-o-negacionismo-mortal-por-vladimir-de-mattos\/","title":{"rendered":"Dracena e o negacionismo mortal (por Vladimir de Mattos)"},"content":{"rendered":"<p style=\"text-align: justify;\"><strong>DRACENA E O NEGACIONISMO MORTAL<\/strong><\/p>\n<p style=\"text-align: justify;\">O sistema de sa\u00fade de Dracena colapsou, com a nossa querida cidade virando manchete nacional pela prematura e dolorosa morte de cidad\u00e3os draceneneses, alguns dos quais muito jovens, por falta de leitos. (Fonte: <a href=\"https:\/\/noticias.uol.com.br\/saude\/ultimas-noticias\/redacao\/2021\/02\/21\/covid-19-em-sp-mulher-de-30-anos-morre-a-espera-de-leito-em-dracena.htm\">https:\/\/noticias.uol.com.br\/saude\/ultimas-noticias\/redacao\/2021\/02\/21\/covid-19-em-sp-mulher-de-30-anos-morre-a-espera-de-leito-em-dracena.htm<\/a>).<\/p>\n<p style=\"text-align: justify;\">Triste, muito triste&#8230; Toda a solidariedade e os sentimentos consternados \u00e0s fam\u00edlias enlutadas nesse momento de t\u00e3o incompar\u00e1vel e insuper\u00e1vel dor&#8230;<\/p>\n<p style=\"text-align: justify;\">No entanto, \u00e9 preciso voltar um pouco no tempo para, sim!, refletir e procurar as poss\u00edveis raz\u00f5es para t\u00e3o lancinante quadro.<\/p>\n<p style=\"text-align: justify;\">Em meados do ano passado, quando o governador de SP, Jo\u00e3o D\u00f3ria, tentava impor o isolamento social como forma de preven\u00e7\u00e3o do agravamento da pandemia no Estado, em Dracena houve PASSEATA pedindo a abertura do com\u00e9rcio, contra o governador e pelo fechamento do Congresso Nacional e do STF, bem como pela volta do \u201cregime militar\u201d (sic).<\/p>\n<p style=\"text-align: justify;\">\u00c9 isso mesmo!!! Negacionistas DESFILARAM em plena pandemia contra as medidas de isolamento social!!!<\/p>\n<p style=\"text-align: justify;\">E por que isso?!? Talvez para seguir a \u201corienta\u00e7\u00e3o\u201d de seu l\u00edder m\u00e1ximo, o negacionista e irrespons\u00e1vel presidente Bolsonaro, que diuturnamente combate o isolamento social (ele constantemente promove aglomera\u00e7\u00f5es, zombando da morte do povo brasileiro), \u00e9 contra o uso de m\u00e1scaras de prote\u00e7\u00e3o e \u00e9 declaradamente \u201cantivacina\u201d.<\/p>\n<p style=\"text-align: justify;\">A prop\u00f3sito, na semana passada o Brasil superou a \u201cmarca\u201d de 250 mil mortos por Covid-19, caminhando, a passos largos, para superar, inclusive, os EUA nesse \u201cquesito\u201d.<\/p>\n<p style=\"text-align: justify;\">E o que o insano presidente do Brasil fez? Uma <em>\u201clive\u201d<\/em> criticando o uso de m\u00e1scaras e o isolamento social.<\/p>\n<p style=\"text-align: justify;\">Ora, a pergunta \u00e9 simples: o que leva cidad\u00e3os comuns, castigados pelas desastrosas pol\u00edticas p\u00fablicas adotadas nos \u00faltimos 2 anos em diversas \u00e1reas (sa\u00fade, educa\u00e7\u00e3o, seguran\u00e7a p\u00fablica, economia, etc.), a apoiarem e replicarem atitudes t\u00e3o dementes de um presidente que, pasme-se, se orgulha do nosso pa\u00eds ser considerado um p\u00e1ria internacional? (Fonte: <a href=\"https:\/\/www.correiobraziliense.com.br\/politica\/2020\/10\/4884035-se-falar-em-liberdade-nos-faz-paria-internacional-que-sejamos-esse-paria-diz-ernesto-araujo.html\">https:\/\/www.correiobraziliense.com.br\/politica\/2020\/10\/4884035-se-falar-em-liberdade-nos-faz-paria-internacional-que-sejamos-esse-paria-diz-ernesto-araujo.html<\/a>).<\/p>\n<p style=\"text-align: justify;\">Outra pergunta: ser\u00e1 que as pessoas que desfilaram durante a pandemia em prol da quebra do isolamento social e contra a vacina t\u00e3o arduamente defendida pelo governador Jo\u00e3o D\u00f3ria conseguir\u00e3o fazer uma visita ao cemit\u00e9rio e, ap\u00f3s passarem pelos t\u00famulos das pobres v\u00edtimas que morreram t\u00e3o precocemente em raz\u00e3o DIRETA de suas a\u00e7\u00f5es (sim, pedir a reabertura do com\u00e9rcio em plena pandemia incentiva, no m\u00ednimo, a quebra do isolamento pelas pessoas em geral!), dormirem em paz?!<\/p>\n<p style=\"text-align: justify;\">N\u00e3o \u00e9 preciso responder, mas apenas desejar que Deus tenha miseric\u00f3rdia desses que misturam pol\u00edtica com sa\u00fade p\u00fablica e negam a ci\u00eancia para simplesmente apoiar o pr\u00f3prio pol\u00edtico de estima\u00e7\u00e3o, contribuindo, por consequ\u00eancia l\u00f3gica, para o agravamento da pandemia e a morte de mais pessoas.<\/p>\n<p style=\"text-align: justify;\">Quanto ao Bolsonaro, o MUNDO espera que ele responda pela acusa\u00e7\u00e3o de genoc\u00eddio, sendo processado e julgado nos mesmos moldes de Nicolae Ceausescu, embora o n\u00famero de mortes causadas pelo ex-l\u00edder romeno (60 mil) seja muito inferior \u00e0 dos brasileiros at\u00e9 agora vitimados pelo irrespons\u00e1vel enfrentamento do governo federal com rela\u00e7\u00e3o \u00e0 pandemia.<\/p>\n<p style=\"text-align: justify;\">E que Deus tenha miseric\u00f3rdia de n\u00f3s at\u00e9 que a vacina\u00e7\u00e3o t\u00e3o combatida por alguns cretinos seja aplicada em todos os brasileiros!<\/p>\n<p style=\"text-align: justify;\"><a href=\"mailto:vladimirdemattos@hotmail.com\">vladimirdemattos@hotmail.com<\/a><\/p>\n<p style=\"text-align: justify;\">\n","protected":false},"excerpt":{"rendered":"<p>DRACENA E O NEGACIONISMO MORTAL O sistema de sa\u00fade de Dracena colapsou, com a nossa querida cidade virando manchete nacional pela prematura e dolorosa morte de cidad\u00e3os draceneneses, alguns dos quais muito jovens, por falta de leitos. (Fonte: https:\/\/noticias.uol.com.br\/saude\/ultimas-noticias\/redacao\/2021\/02\/21\/covid-19-em-sp-mulher-de-30-anos-morre-a-espera-de-leito-em-dracena.htm). Triste, muito triste&#8230; Toda a solidariedade e os sentimentos consternados \u00e0s fam\u00edlias enlutadas nesse momento de [&hellip;]<\/p>\n","protected":false},"author":1,"featured_media":43909,"comment_status":"closed","ping_status":"open","sticky":false,"template":"","format":"standard","meta":{"footnotes":""},"categories":[175],"tags":[],"class_list":["post-43908","post","type-post","status-publish","format-standard","has-post-thumbnail","hentry","category-artigos"],"_links":{"self":[{"href":"https:\/\/jorgezanoni.com.br\/2019\/wp-json\/wp\/v2\/posts\/43908","targetHints":{"allow":["GET"]}}],"collection":[{"href":"https:\/\/jorgezanoni.com.br\/2019\/wp-json\/wp\/v2\/posts"}],"about":[{"href":"https:\/\/jorgezanoni.com.br\/2019\/wp-json\/wp\/v2\/types\/post"}],"author":[{"embeddable":true,"href":"https:\/\/jorgezanoni.com.br\/2019\/wp-json\/wp\/v2\/users\/1"}],"replies":[{"embeddable":true,"href":"https:\/\/jorgezanoni.com.br\/2019\/wp-json\/wp\/v2\/comments?post=43908"}],"version-history":[{"count":0,"href":"https:\/\/jorgezanoni.com.br\/2019\/wp-json\/wp\/v2\/posts\/43908\/revisions"}],"wp:featuredmedia":[{"embeddable":true,"href":"https:\/\/jorgezanoni.com.br\/2019\/wp-json\/wp\/v2\/media\/43909"}],"wp:attachment":[{"href":"https:\/\/jorgezanoni.com.br\/2019\/wp-json\/wp\/v2\/media?parent=43908"}],"wp:term":[{"taxonomy":"category","embeddable":true,"href":"https:\/\/jorgezanoni.com.br\/2019\/wp-json\/wp\/v2\/categories?post=43908"},{"taxonomy":"post_tag","embeddable":true,"href":"https:\/\/jorgezanoni.com.br\/2019\/wp-json\/wp\/v2\/tags?post=43908"}],"curies":[{"name":"wp","href":"https:\/\/api.w.org\/{rel}","templated":true}]}}